{"id":44093,"date":"2026-09-04T09:02:00","date_gmt":"2026-09-04T12:02:00","guid":{"rendered":"https:\/\/www.lulelisnoticias.com.br\/blog\/?p=44093"},"modified":"2026-09-04T09:02:00","modified_gmt":"2026-09-04T12:02:00","slug":"ssp-entrega-136-novas-viaturas-para-a-policia-militar-e-superintendencias","status":"publish","type":"post","link":"https:\/\/www.lulelisnoticias.com.br\/blog\/ssp-entrega-136-novas-viaturas-para-a-policia-militar-e-superintendencias\/","title":{"rendered":"SSP entrega 136 novas viaturas para a Pol\u00edcia Militar e Superintend\u00eancias"},"content":{"rendered":"\n<p class=\"wp-block-paragraph\">O Governo do Estado entregou na quinta-feira (3) 136 novas viaturas para refor\u00e7ar a atua\u00e7\u00e3o da Pol\u00edcia Militar e das unidades da Secretaria da Seguran\u00e7a P\u00fablica da Bahia. A cerim\u00f4nia da entrega integra a orienta\u00e7\u00e3o do governador Jer\u00f4nimo Rodrigues de ampliar a presen\u00e7a das for\u00e7as de seguran\u00e7a nas ruas e combater o crime sem tr\u00e9guas, com investimento permanente em estrutura, intelig\u00eancia, tecnologia e capacidade operacional. A distribui\u00e7\u00e3o refor\u00e7a uma estrat\u00e9gia de presen\u00e7a policial em todo o estado, alcan\u00e7ando grandes centros urbanos e munic\u00edpios de m\u00e9dio e pequeno porte.<\/p>\n\n\n<div class=\"wp-block-image\">\n<figure class=\"aligncenter size-full\"><img loading=\"lazy\" decoding=\"async\" width=\"571\" height=\"400\" src=\"https:\/\/www.lulelisnoticias.com.br\/blog\/wp-content\/uploads\/2026\/09\/Viatura.png\" alt=\"\" class=\"wp-image-44094\"\/><figcaption class=\"wp-element-caption\">Foto Reprodu\u00e7\u00e3o<\/figcaption><\/figure>\n<\/div>\n\n\n<p class=\"wp-block-paragraph\">As novas viaturas ser\u00e3o incorporadas principalmente \u00e0s unidades operacionais da Pol\u00edcia Militar. Foram contemplados: Barreiras, Bom Jesus da Lapa, Cachoeira, Cama\u00e7ari, Candeias, Cip\u00f3, Cura\u00e7\u00e1, Dias d\u2019\u00c1vila, Eun\u00e1polis, Feira de Santana, Gandu, Ilh\u00e9us, Ipia\u00fa, Itaberaba, Itapetinga, Lauro de Freitas, Lu\u00eds Eduardo Magalh\u00e3es, Jequi\u00e9, Juazeiro, Marac\u00e1s, Maragogipe, Mata de S\u00e3o Jo\u00e3o, Morro do Chap\u00e9u, Nova Vi\u00e7osa, Paulo Afonso, Pojuca, Porto Seguro, Ribeira do Pombal, Rio Real, Ruy Barbosa, Salvador, Santo Ant\u00f4nio de Jesus, Santo Estev\u00e3o, Sim\u00f5es Filho, Valen\u00e7a e Vit\u00f3ria da Conquista.<\/p>\n","protected":false},"excerpt":{"rendered":"<p>O Governo do Estado entregou na quinta-feira (3) 136 novas viaturas para refor\u00e7ar a atua\u00e7\u00e3o da Pol\u00edcia Militar e das unidades da Secretaria da Seguran\u00e7a P\u00fablica da Bahia. A cerim\u00f4nia da entrega integra a orienta\u00e7\u00e3o do governador Jer\u00f4nimo Rodrigues de ampliar a presen\u00e7a das for\u00e7as de seguran\u00e7a nas ruas e combater o crime sem tr\u00e9guas, [&hellip;]<\/p>\n","protected":false},"author":1,"featured_media":0,"comment_status":"open","ping_status":"open","sticky":false,"template":"","format":"standard","meta":{"footnotes":""},"categories":[1],"tags":[],"class_list":["post-44093","post","type-post","status-publish","format-standard","hentry","category-sem-categoria"],"_links":{"self":[{"href":"https:\/\/www.lulelisnoticias.com.br\/blog\/wp-json\/wp\/v2\/posts\/44093","targetHints":{"allow":["GET"]}}],"collection":[{"href":"https:\/\/www.lulelisnoticias.com.br\/blog\/wp-json\/wp\/v2\/posts"}],"about":[{"href":"https:\/\/www.lulelisnoticias.com.br\/blog\/wp-json\/wp\/v2\/types\/post"}],"author":[{"embeddable":true,"href":"https:\/\/www.lulelisnoticias.com.br\/blog\/wp-json\/wp\/v2\/users\/1"}],"replies":[{"embeddable":true,"href":"https:\/\/www.lulelisnoticias.com.br\/blog\/wp-json\/wp\/v2\/comments?post=44093"}],"version-history":[{"count":1,"href":"https:\/\/www.lulelisnoticias.com.br\/blog\/wp-json\/wp\/v2\/posts\/44093\/revisions"}],"predecessor-version":[{"id":44095,"href":"https:\/\/www.lulelisnoticias.com.br\/blog\/wp-json\/wp\/v2\/posts\/44093\/revisions\/44095"}],"wp:attachment":[{"href":"https:\/\/www.lulelisnoticias.com.br\/blog\/wp-json\/wp\/v2\/media?parent=44093"}],"wp:term":[{"taxonomy":"category","embeddable":true,"href":"https:\/\/www.lulelisnoticias.com.br\/blog\/wp-json\/wp\/v2\/categories?post=44093"},{"taxonomy":"post_tag","embeddable":true,"href":"https:\/\/www.lulelisnoticias.com.br\/blog\/wp-json\/wp\/v2\/tags?post=44093"}],"curies":[{"name":"wp","href":"https:\/\/api.w.org\/{rel}","templated":true}]}}