{"id":44086,"date":"2026-09-04T08:35:47","date_gmt":"2026-09-04T11:35:47","guid":{"rendered":"https:\/\/www.lulelisnoticias.com.br\/blog\/?p=44086"},"modified":"2026-09-04T08:35:48","modified_gmt":"2026-09-04T11:35:48","slug":"bahia-amplia-conexao-internacional-com-novo-voo-direto-entre-salvador-e-santiago","status":"publish","type":"post","link":"https:\/\/www.lulelisnoticias.com.br\/blog\/bahia-amplia-conexao-internacional-com-novo-voo-direto-entre-salvador-e-santiago\/","title":{"rendered":"Bahia amplia conex\u00e3o internacional com novo voo direto entre Salvador e Santiago"},"content":{"rendered":"<div class=\"wp-block-image\">\n<figure class=\"aligncenter size-full\"><img loading=\"lazy\" decoding=\"async\" width=\"600\" height=\"400\" src=\"https:\/\/www.lulelisnoticias.com.br\/blog\/wp-content\/uploads\/2026\/09\/Foto-Wuiga-RubiniGOVBA-2.jpeg\" alt=\"\" class=\"wp-image-44087\"\/><figcaption class=\"wp-element-caption\"><em>Foto: Wuiga Rubini\/GOVBA<\/em><\/figcaption><\/figure>\n<\/div>\n\n\n<p class=\"wp-block-paragraph\">A Bahia passa a contar com uma nova conex\u00e3o direta na malha a\u00e9rea internacional entre Salvador e Santiago, no Chile. O novo voo da LATAM Airlines foi lan\u00e7ado oficialmente na quinta-feira (3), em Salvador, em uma iniciativa articulada pela Secretaria de Turismo do Estado (Setur-BA). Durante o evento, tamb\u00e9m foi anunciada a implanta\u00e7\u00e3o da primeira base da LATAM no Nordeste para manuten\u00e7\u00e3o de aeronaves, que funcionar\u00e1 no Aeroporto de Salvador.<\/p>\n\n\n\n<p class=\"wp-block-paragraph\">Inicialmente, ser\u00e3o tr\u00eas voos semanais durante a temporada de ver\u00e3o. As partidas de Salvador ser\u00e3o \u00e0s quartas, sextas e domingos, \u00e0s 21h15, com chegada a Santiago \u00e0s 3h do dia seguinte. No sentido inverso, os voos sair\u00e3o da capital chilena \u00e0s segundas, quintas e s\u00e1bados, \u00e0s 4h30, chegando a Salvador \u00e0s 10h. A opera\u00e7\u00e3o do voo come\u00e7a a operar em 3 de janeiro de 2027 e, a partir de mar\u00e7o, contar\u00e1 com uma frequ\u00eancia semanal. As passagens a\u00e9reas estar\u00e3o dispon\u00edveis a partir deste s\u00e1bado (29), no site da LATAM e nos demais canais de venda da companhia.<\/p>\n\n\n\n<p class=\"wp-block-paragraph\">Primeira base da LATAM no Nordeste<\/p>\n\n\n\n<p class=\"wp-block-paragraph\">A implanta\u00e7\u00e3o da primeira base da LATAM no Nordeste para manuten\u00e7\u00e3o de aeronaves amplia a estrutura da companhia em Salvador e acompanha o crescimento da opera\u00e7\u00e3o na regi\u00e3o. A unidade ter\u00e1 atividades voltadas \u00e0 manuten\u00e7\u00e3o aeron\u00e1utica e tamb\u00e9m deve ampliar a oferta de postos de trabalho especializados.<\/p>\n\n\n\n<p class=\"wp-block-paragraph\">Secom\/GOVBA<\/p>\n","protected":false},"excerpt":{"rendered":"<p>Foto: Wuiga Rubini\/GOVBA A Bahia passa a contar com uma nova conex\u00e3o direta na malha a\u00e9rea internacional entre Salvador e Santiago, no Chile. O novo voo da LATAM Airlines foi lan\u00e7ado oficialmente na quinta-feira (3), em Salvador, em uma iniciativa articulada pela Secretaria de Turismo do Estado (Setur-BA). Durante o evento, tamb\u00e9m foi anunciada a [&hellip;]<\/p>\n","protected":false},"author":1,"featured_media":0,"comment_status":"open","ping_status":"open","sticky":false,"template":"","format":"standard","meta":{"footnotes":""},"categories":[1],"tags":[],"class_list":["post-44086","post","type-post","status-publish","format-standard","hentry","category-sem-categoria"],"_links":{"self":[{"href":"https:\/\/www.lulelisnoticias.com.br\/blog\/wp-json\/wp\/v2\/posts\/44086","targetHints":{"allow":["GET"]}}],"collection":[{"href":"https:\/\/www.lulelisnoticias.com.br\/blog\/wp-json\/wp\/v2\/posts"}],"about":[{"href":"https:\/\/www.lulelisnoticias.com.br\/blog\/wp-json\/wp\/v2\/types\/post"}],"author":[{"embeddable":true,"href":"https:\/\/www.lulelisnoticias.com.br\/blog\/wp-json\/wp\/v2\/users\/1"}],"replies":[{"embeddable":true,"href":"https:\/\/www.lulelisnoticias.com.br\/blog\/wp-json\/wp\/v2\/comments?post=44086"}],"version-history":[{"count":1,"href":"https:\/\/www.lulelisnoticias.com.br\/blog\/wp-json\/wp\/v2\/posts\/44086\/revisions"}],"predecessor-version":[{"id":44088,"href":"https:\/\/www.lulelisnoticias.com.br\/blog\/wp-json\/wp\/v2\/posts\/44086\/revisions\/44088"}],"wp:attachment":[{"href":"https:\/\/www.lulelisnoticias.com.br\/blog\/wp-json\/wp\/v2\/media?parent=44086"}],"wp:term":[{"taxonomy":"category","embeddable":true,"href":"https:\/\/www.lulelisnoticias.com.br\/blog\/wp-json\/wp\/v2\/categories?post=44086"},{"taxonomy":"post_tag","embeddable":true,"href":"https:\/\/www.lulelisnoticias.com.br\/blog\/wp-json\/wp\/v2\/tags?post=44086"}],"curies":[{"name":"wp","href":"https:\/\/api.w.org\/{rel}","templated":true}]}}