{"id":44081,"date":"2026-09-02T16:53:33","date_gmt":"2026-09-02T19:53:33","guid":{"rendered":"https:\/\/www.lulelisnoticias.com.br\/blog\/?p=44081"},"modified":"2026-09-02T16:53:34","modified_gmt":"2026-09-02T19:53:34","slug":"estudantes-de-jornalismo-da-uesb-sao-destaque-estadual-e-nacional","status":"publish","type":"post","link":"https:\/\/www.lulelisnoticias.com.br\/blog\/estudantes-de-jornalismo-da-uesb-sao-destaque-estadual-e-nacional\/","title":{"rendered":"Estudantes de Jornalismo da Uesb s\u00e3o destaque estadual e nacional"},"content":{"rendered":"<div class=\"wp-block-image\">\n<figure class=\"aligncenter size-full\"><img loading=\"lazy\" decoding=\"async\" width=\"533\" height=\"400\" src=\"https:\/\/www.lulelisnoticias.com.br\/blog\/wp-content\/uploads\/2026\/09\/Joao-Vitor-Finalista-do-Premio-Sebrae-de-Jornalismo.jpeg\" alt=\"\" class=\"wp-image-44082\"\/><figcaption class=\"wp-element-caption\">Jo\u00e3o Vitor Finalista do Pr\u00eamio Sebrae de Jornalismo <\/figcaption><\/figure>\n<\/div>\n\n\n<p class=\"wp-block-paragraph\">O curso de Jornalismo da Universidade Estadual do Sudoeste da Bahia (Uesb) vem conquistando importante proje\u00e7\u00e3o nacional por meio do talento e da dedica\u00e7\u00e3o de seus estudantes. Recentemente, duas trajet\u00f3rias de destaque evidenciaram a for\u00e7a da forma\u00e7\u00e3o acad\u00eamica desenvolvida na Institui\u00e7\u00e3o: a estreia do aluno Pedro Henrique Novaes em um quadro do Programa Fant\u00e1stico, da Rede Globo, e a classifica\u00e7\u00e3o de Jo\u00e3o Vitor Barbosa como finalista do 13\u00ba Pr\u00eamio Sebrae de Jornalismo .<\/p>\n\n\n<div class=\"wp-block-image\">\n<figure class=\"aligncenter size-full\"><img loading=\"lazy\" decoding=\"async\" width=\"400\" height=\"533\" src=\"https:\/\/www.lulelisnoticias.com.br\/blog\/wp-content\/uploads\/2026\/09\/Pedro-Henrique-Profissao-Reporter-Procura-no-Fantastico-1.jpeg\" alt=\"\" class=\"wp-image-44083\"\/><figcaption class=\"wp-element-caption\">Pedro Henrique\/Profiss\u00e3o Rep\u00f3rter<\/figcaption><\/figure>\n<\/div>\n\n\n<p class=\"wp-block-paragraph\">&nbsp;Natural de Mucug\u00ea, na Chapada Diamantina, Pedro Henrique Novaes \u00e9 um dos seis selecionados em todo o Brasil para a Profiss\u00e3o Rep\u00f3rter Procura, iniciativa da Academia LED em conjunto com o Jornalismo da TV Globo. A disputa come\u00e7ou entre 20 finalistas, ap\u00f3s Pedro enviar uma reportagem sobre o tradicional Reisado de sua terra natal.&nbsp;<\/p>\n\n\n\n<p class=\"wp-block-paragraph\">No \u00faltimo domingo (30), o p\u00fablico passou a acompanhar no Fant\u00e1stico epis\u00f3dios semanais em que os estudantes enfrentam desafios da rotina profissional, sob a lideran\u00e7a de Caco Barcellos e orienta\u00e7\u00e3o de outros nomes da emissora. No primeiro epis\u00f3dio, os participantes apresentaram uma transmiss\u00e3o ao vivo direto dos est\u00fadios da GloboNews.<br><br>Para Pedro, a viv\u00eancia pr\u00e1tica tem sido transformadora e funciona como uma verdadeira &#8220;p\u00f3s-gradua\u00e7\u00e3o&#8221;. \u201cPessoalmente, percebi que eu precisava me olhar com mais carinho, e o programa foi um despertar muito bonito para isso. Eu consegui me enxergar numa tela, estar feliz e tranquilo com o que eu estava vendo, isso foi um processo que levou tempo, e o programa me ajudou a ficar mais confort\u00e1vel nesse quesito\u201d, destaca<br><br>A produ\u00e7\u00e3o de conte\u00fados jornal\u00edsticos no curso de Jornalismo da Uesb tamb\u00e9m colhe frutos em premia\u00e7\u00f5es estaduais. O estudante Jo\u00e3o Vitor Barbosa \u00e9 um dos cinco finalistas do 13\u00ba Pr\u00eamio Sebrae de Jornalismo na categoria &#8220;Jornalismo Universit\u00e1rio&#8221;. Ele concorre com a reportagem \u201cDoces que viram neg\u00f3cio: o empreendedorismo feminino nas ruas de Vit\u00f3ria da Conquista\u201d, publicada no site laboratorial Avoador.&nbsp;<\/p>\n\n\n\n<p class=\"wp-block-paragraph\">O trabalho aborda a trajet\u00f3ria de duas mulheres que vendem doces na cidade, utilizando dados municipais para valorizar o poder do empreendedorismo feminino de rua. \u201c\u00c9 muito importante que os estudantes n\u00e3o tenham medo de submeter esses trabalhos. Tem muito projeto incr\u00edvel dentro da Universidade e que merecem ganhar oportunidades e visibilidade fora dos muros da Institui\u00e7\u00e3o. Isso tamb\u00e9m mostra o poder da Universidade na nossa forma\u00e7\u00e3o enquanto futuros jornalistas\u201d, declara Jo\u00e3o Vitor.<br><br>Os vencedores do Pr\u00eamio Sebrae de Jornalismo ser\u00e3o anunciados no dia 15 de setembro, em Salvador, com premia\u00e7\u00e3o em dinheiro para os tr\u00eas primeiros colocados da categoria universit\u00e1ria.<\/p>\n\n\n\n<p class=\"wp-block-paragraph\">Ascom\/UESB<\/p>\n","protected":false},"excerpt":{"rendered":"<p>Jo\u00e3o Vitor Finalista do Pr\u00eamio Sebrae de Jornalismo O curso de Jornalismo da Universidade Estadual do Sudoeste da Bahia (Uesb) vem conquistando importante proje\u00e7\u00e3o nacional por meio do talento e da dedica\u00e7\u00e3o de seus estudantes. Recentemente, duas trajet\u00f3rias de destaque evidenciaram a for\u00e7a da forma\u00e7\u00e3o acad\u00eamica desenvolvida na Institui\u00e7\u00e3o: a estreia do aluno Pedro Henrique [&hellip;]<\/p>\n","protected":false},"author":1,"featured_media":0,"comment_status":"open","ping_status":"open","sticky":false,"template":"","format":"standard","meta":{"footnotes":""},"categories":[1],"tags":[],"class_list":["post-44081","post","type-post","status-publish","format-standard","hentry","category-sem-categoria"],"_links":{"self":[{"href":"https:\/\/www.lulelisnoticias.com.br\/blog\/wp-json\/wp\/v2\/posts\/44081","targetHints":{"allow":["GET"]}}],"collection":[{"href":"https:\/\/www.lulelisnoticias.com.br\/blog\/wp-json\/wp\/v2\/posts"}],"about":[{"href":"https:\/\/www.lulelisnoticias.com.br\/blog\/wp-json\/wp\/v2\/types\/post"}],"author":[{"embeddable":true,"href":"https:\/\/www.lulelisnoticias.com.br\/blog\/wp-json\/wp\/v2\/users\/1"}],"replies":[{"embeddable":true,"href":"https:\/\/www.lulelisnoticias.com.br\/blog\/wp-json\/wp\/v2\/comments?post=44081"}],"version-history":[{"count":1,"href":"https:\/\/www.lulelisnoticias.com.br\/blog\/wp-json\/wp\/v2\/posts\/44081\/revisions"}],"predecessor-version":[{"id":44084,"href":"https:\/\/www.lulelisnoticias.com.br\/blog\/wp-json\/wp\/v2\/posts\/44081\/revisions\/44084"}],"wp:attachment":[{"href":"https:\/\/www.lulelisnoticias.com.br\/blog\/wp-json\/wp\/v2\/media?parent=44081"}],"wp:term":[{"taxonomy":"category","embeddable":true,"href":"https:\/\/www.lulelisnoticias.com.br\/blog\/wp-json\/wp\/v2\/categories?post=44081"},{"taxonomy":"post_tag","embeddable":true,"href":"https:\/\/www.lulelisnoticias.com.br\/blog\/wp-json\/wp\/v2\/tags?post=44081"}],"curies":[{"name":"wp","href":"https:\/\/api.w.org\/{rel}","templated":true}]}}