{"id":44069,"date":"2026-08-31T16:27:03","date_gmt":"2026-08-31T19:27:03","guid":{"rendered":"https:\/\/www.lulelisnoticias.com.br\/blog\/?p=44069"},"modified":"2026-08-31T16:31:37","modified_gmt":"2026-08-31T19:31:37","slug":"sepromi-abre-acoes-da-segunda-decada-estadual-de-afrodescendentes-com-edital-de-r-1-milhao-para-o-empreendedorismo-negro","status":"publish","type":"post","link":"https:\/\/www.lulelisnoticias.com.br\/blog\/sepromi-abre-acoes-da-segunda-decada-estadual-de-afrodescendentes-com-edital-de-r-1-milhao-para-o-empreendedorismo-negro\/","title":{"rendered":"Sepromi abre a\u00e7\u00f5es da Segunda D\u00e9cada Estadual de Afrodescendentes com edital de R$ 1 milh\u00e3o para o empreendedorismo negro"},"content":{"rendered":"\n<p class=\"wp-block-paragraph\">A Secretaria de Promo\u00e7\u00e3o da Igualdade Racial e dos Povos e Comunidades Tradicionais (Sepromi) d\u00e1 in\u00edcio \u00e0s a\u00e7\u00f5es da Segunda D\u00e9cada Estadual Internacional de Afrodescendentes (2025-2034) com o lan\u00e7amento do Edital de Chamamento P\u00fablico n\u00ba 001\/2026, iniciativa que integra a programa\u00e7\u00e3o do Novembro Negro do Estado da Bahia.<\/p>\n\n\n<div class=\"wp-block-image\">\n<figure class=\"aligncenter size-full\"><img loading=\"lazy\" decoding=\"async\" width=\"667\" height=\"400\" src=\"https:\/\/www.lulelisnoticias.com.br\/blog\/wp-content\/uploads\/2026\/08\/empreendedor-reuniao-negros-.jpg\" alt=\"\" class=\"wp-image-44071\"\/><figcaption class=\"wp-element-caption\">Foto Reprodu\u00e7\u00e3o<\/figcaption><\/figure>\n<\/div>\n\n\n<p class=\"wp-block-paragraph\">A medida destinar\u00e1 R$ 1 milh\u00e3o, por meio do Fundo Estadual de Combate e Erradica\u00e7\u00e3o da Pobreza (FUNCEP), para fortalecer a inclus\u00e3o socioprodutiva e o empreendedorismo negro na Bahia, apoiando projetos desenvolvidos por Organiza\u00e7\u00f5es da Sociedade Civil (OSC). As entidades interessadas dever\u00e3o protocolar suas propostas presencialmente entre os dias 27 de agosto e 28 de setembro de 2026, na sede da Sepromi, na <a href=\"https:\/\/www.google.com\/maps\/search\/Avenida+Manoel+Dias+da+Silva,+n%C2%BA+2.177?entry=gmail&amp;source=g\">Avenida Manoel Dias da Silva, n\u00ba 2.177<\/a>, no bairro da Pituba, em Salvador, das 8h30 \u00e0s 17h30.<\/p>\n\n\n\n<p class=\"wp-block-paragraph\">O edital completo e formul\u00e1rios est\u00e3o dispon\u00edveis no site <a href=\"http:\/\/sepromi.ba.gov.br\" target=\"_blank\" rel=\"noreferrer noopener\">sepromi.ba.gov.br<\/a>. Ser\u00e3o selecionadas 20 propostas apresentadas por entidades sem fins lucrativos, com investimento de at\u00e9 R$ 50 mil por projeto. A iniciativa busca alcan\u00e7ar trabalhadores e empreendedores negros em situa\u00e7\u00e3o de vulnerabilidade social e econ\u00f4mica, com foco especial na inclus\u00e3o de mulheres e jovens.<\/p>\n\n\n\n<p class=\"wp-block-paragraph\">O resultado definitivo das entidades selecionadas est\u00e1 previsto para ser divulgado no dia 30 de outubro, culminando com a homologa\u00e7\u00e3o oficial da sele\u00e7\u00e3o p\u00fablica em 20 de novembro de 2026, data em que se celebra o Dia Nacional de Zumbi e da Consci\u00eancia Negra e ponto alto das atividades do Novembro Negro sob a coordena\u00e7\u00e3o da Sepromi.<\/p>\n\n\n\n<p class=\"wp-block-paragraph\"><em>Fonte: Ascom\/Sepromi<\/em><\/p>\n","protected":false},"excerpt":{"rendered":"<p>A Secretaria de Promo\u00e7\u00e3o da Igualdade Racial e dos Povos e Comunidades Tradicionais (Sepromi) d\u00e1 in\u00edcio \u00e0s a\u00e7\u00f5es da Segunda D\u00e9cada Estadual Internacional de Afrodescendentes (2025-2034) com o lan\u00e7amento do Edital de Chamamento P\u00fablico n\u00ba 001\/2026, iniciativa que integra a programa\u00e7\u00e3o do Novembro Negro do Estado da Bahia. Foto Reprodu\u00e7\u00e3o A medida destinar\u00e1 R$ 1 [&hellip;]<\/p>\n","protected":false},"author":1,"featured_media":0,"comment_status":"open","ping_status":"open","sticky":false,"template":"","format":"standard","meta":{"footnotes":""},"categories":[1],"tags":[],"class_list":["post-44069","post","type-post","status-publish","format-standard","hentry","category-sem-categoria"],"_links":{"self":[{"href":"https:\/\/www.lulelisnoticias.com.br\/blog\/wp-json\/wp\/v2\/posts\/44069","targetHints":{"allow":["GET"]}}],"collection":[{"href":"https:\/\/www.lulelisnoticias.com.br\/blog\/wp-json\/wp\/v2\/posts"}],"about":[{"href":"https:\/\/www.lulelisnoticias.com.br\/blog\/wp-json\/wp\/v2\/types\/post"}],"author":[{"embeddable":true,"href":"https:\/\/www.lulelisnoticias.com.br\/blog\/wp-json\/wp\/v2\/users\/1"}],"replies":[{"embeddable":true,"href":"https:\/\/www.lulelisnoticias.com.br\/blog\/wp-json\/wp\/v2\/comments?post=44069"}],"version-history":[{"count":2,"href":"https:\/\/www.lulelisnoticias.com.br\/blog\/wp-json\/wp\/v2\/posts\/44069\/revisions"}],"predecessor-version":[{"id":44073,"href":"https:\/\/www.lulelisnoticias.com.br\/blog\/wp-json\/wp\/v2\/posts\/44069\/revisions\/44073"}],"wp:attachment":[{"href":"https:\/\/www.lulelisnoticias.com.br\/blog\/wp-json\/wp\/v2\/media?parent=44069"}],"wp:term":[{"taxonomy":"category","embeddable":true,"href":"https:\/\/www.lulelisnoticias.com.br\/blog\/wp-json\/wp\/v2\/categories?post=44069"},{"taxonomy":"post_tag","embeddable":true,"href":"https:\/\/www.lulelisnoticias.com.br\/blog\/wp-json\/wp\/v2\/tags?post=44069"}],"curies":[{"name":"wp","href":"https:\/\/api.w.org\/{rel}","templated":true}]}}