{"id":44065,"date":"2026-08-31T16:14:21","date_gmt":"2026-08-31T19:14:21","guid":{"rendered":"https:\/\/www.lulelisnoticias.com.br\/blog\/?p=44065"},"modified":"2026-08-31T16:14:22","modified_gmt":"2026-08-31T19:14:22","slug":"chamada-publica-destina-alimentos-da-agricultura-familiar-para-mais-de-1-700-escolas-estaduais","status":"publish","type":"post","link":"https:\/\/www.lulelisnoticias.com.br\/blog\/chamada-publica-destina-alimentos-da-agricultura-familiar-para-mais-de-1-700-escolas-estaduais\/","title":{"rendered":"Chamada P\u00fablica destina alimentos da Agricultura Familiar para mais de 1.700 escolas estaduais"},"content":{"rendered":"\n<p class=\"wp-block-paragraph\">Uma nova etapa do fornecimento de produtos da Agricultura Familiar para a alimenta\u00e7\u00e3o escolar da rede estadual teve in\u00edcio nesta segunda-feira (31), no Col\u00e9gio Estadual de Tempo Integral de Catu, no munic\u00edpio de Catu.<\/p>\n\n\n<div class=\"wp-block-image\">\n<figure class=\"aligncenter size-full\"><img loading=\"lazy\" decoding=\"async\" width=\"600\" height=\"400\" src=\"https:\/\/www.lulelisnoticias.com.br\/blog\/wp-content\/uploads\/2026\/08\/WhatsApp-Image-2026-08-31-at-13.18.39.jpeg\" alt=\"\" class=\"wp-image-44066\"\/><figcaption class=\"wp-element-caption\">Foto: Geraldo Carvalho<\/figcaption><\/figure>\n<\/div>\n\n\n<p class=\"wp-block-paragraph\">A iniciativa integra a 2\u00aa Chamada P\u00fablica Centralizada, realizada por meio de parceria entre a Secretaria Estadual da Educa\u00e7\u00e3o (SEC) e a Secretaria Estadual de Desenvolvimento Rural (SDR). A chamada prev\u00ea a aquisi\u00e7\u00e3o e a distribui\u00e7\u00e3o de alimentos da agricultura familiar para mais de 1.700 unidades escolares da rede estadual, em diferentes regi\u00f5es da Bahia.<\/p>\n\n\n\n<p class=\"wp-block-paragraph\">A chamada p\u00fablica re\u00fane a produ\u00e7\u00e3o de mais de 15.500 fam\u00edlias agricultoras, que participam do fornecimento de alimentos destinados \u00e0 alimenta\u00e7\u00e3o escolar. A iniciativa estabelece uma rela\u00e7\u00e3o direta entre a produ\u00e7\u00e3o das fam\u00edlias agricultoras e a demanda da rede estadual de ensino.<\/p>\n\n\n\n<p class=\"wp-block-paragraph\">Entre os produtos adquiridos est\u00e3o arroz, feij\u00e3o, leite em p\u00f3, mel, cuscuz, tapioca e polpas de frutas. Ao todo, s\u00e3o 16 itens destinados \u00e0 alimenta\u00e7\u00e3o escolar e que comp\u00f5em os card\u00e1pios oferecidos aos estudantes da rede estadual.<\/p>\n\n\n<div class=\"wp-block-image\">\n<figure class=\"aligncenter size-full\"><img loading=\"lazy\" decoding=\"async\" width=\"600\" height=\"400\" src=\"https:\/\/www.lulelisnoticias.com.br\/blog\/wp-content\/uploads\/2026\/08\/WhatsApp-Image-2026-08-31-at-13.12.10.jpeg\" alt=\"\" class=\"wp-image-44067\"\/><figcaption class=\"wp-element-caption\">Foto: Geraldo Carvalho<\/figcaption><\/figure>\n<\/div>\n\n\n<p class=\"wp-block-paragraph\">A aquisi\u00e7\u00e3o de produtos da Agricultura Familiar para a alimenta\u00e7\u00e3o escolar tamb\u00e9m representa um canal de comercializa\u00e7\u00e3o para as fam\u00edlias agricultoras participantes da chamada p\u00fablica, com a destina\u00e7\u00e3o da produ\u00e7\u00e3o para unidades da rede estadual de ensino.<\/p>\n\n\n\n<p class=\"wp-block-paragraph\">Para o diretor-presidente da Companhia de Desenvolvimento e A\u00e7\u00e3o Regional (CAR\/SDR), Jeandro Ribeiro, a iniciativa estabelece uma conex\u00e3o entre a produ\u00e7\u00e3o das fam\u00edlias agricultoras e a alimenta\u00e7\u00e3o escolar. \u201cA aquisi\u00e7\u00e3o dos produtos da agricultura familiar para a alimenta\u00e7\u00e3o escolar estabelece uma conex\u00e3o importante entre quem produz e quem consome. Os alimentos chegam \u00e0s escolas e, ao mesmo tempo, as fam\u00edlias agricultoras t\u00eam um canal de comercializa\u00e7\u00e3o para sua produ\u00e7\u00e3o\u201d.<\/p>\n\n\n\n<p class=\"wp-block-paragraph\">A chegada dos produtos \u00e0s escolas tamb\u00e9m \u00e9 percebida pelos estudantes. \u00cdtalo Vin\u00edcius destacou a qualidade dos alimentos e a variedade no dia a dia da escola. \u201cA gente percebe que os produtos s\u00e3o de qualidade e que tem uma variedade maior para a nossa alimenta\u00e7\u00e3o. \u00c9 muito bom saber que esses alimentos v\u00eam da agricultura familiar e que, ao mesmo tempo em que estamos recebendo uma alimenta\u00e7\u00e3o boa na escola, tamb\u00e9m estamos ajudando os agricultores que produzem esses alimentos\u201d, afirmou.<\/p>\n\n\n\n<p class=\"wp-block-paragraph\">Ascom\/CAR<\/p>\n","protected":false},"excerpt":{"rendered":"<p>Uma nova etapa do fornecimento de produtos da Agricultura Familiar para a alimenta\u00e7\u00e3o escolar da rede estadual teve in\u00edcio nesta segunda-feira (31), no Col\u00e9gio Estadual de Tempo Integral de Catu, no munic\u00edpio de Catu. Foto: Geraldo Carvalho A iniciativa integra a 2\u00aa Chamada P\u00fablica Centralizada, realizada por meio de parceria entre a Secretaria Estadual da [&hellip;]<\/p>\n","protected":false},"author":1,"featured_media":0,"comment_status":"open","ping_status":"open","sticky":false,"template":"","format":"standard","meta":{"footnotes":""},"categories":[1],"tags":[],"class_list":["post-44065","post","type-post","status-publish","format-standard","hentry","category-sem-categoria"],"_links":{"self":[{"href":"https:\/\/www.lulelisnoticias.com.br\/blog\/wp-json\/wp\/v2\/posts\/44065","targetHints":{"allow":["GET"]}}],"collection":[{"href":"https:\/\/www.lulelisnoticias.com.br\/blog\/wp-json\/wp\/v2\/posts"}],"about":[{"href":"https:\/\/www.lulelisnoticias.com.br\/blog\/wp-json\/wp\/v2\/types\/post"}],"author":[{"embeddable":true,"href":"https:\/\/www.lulelisnoticias.com.br\/blog\/wp-json\/wp\/v2\/users\/1"}],"replies":[{"embeddable":true,"href":"https:\/\/www.lulelisnoticias.com.br\/blog\/wp-json\/wp\/v2\/comments?post=44065"}],"version-history":[{"count":1,"href":"https:\/\/www.lulelisnoticias.com.br\/blog\/wp-json\/wp\/v2\/posts\/44065\/revisions"}],"predecessor-version":[{"id":44068,"href":"https:\/\/www.lulelisnoticias.com.br\/blog\/wp-json\/wp\/v2\/posts\/44065\/revisions\/44068"}],"wp:attachment":[{"href":"https:\/\/www.lulelisnoticias.com.br\/blog\/wp-json\/wp\/v2\/media?parent=44065"}],"wp:term":[{"taxonomy":"category","embeddable":true,"href":"https:\/\/www.lulelisnoticias.com.br\/blog\/wp-json\/wp\/v2\/categories?post=44065"},{"taxonomy":"post_tag","embeddable":true,"href":"https:\/\/www.lulelisnoticias.com.br\/blog\/wp-json\/wp\/v2\/tags?post=44065"}],"curies":[{"name":"wp","href":"https:\/\/api.w.org\/{rel}","templated":true}]}}