{"id":44058,"date":"2026-08-31T11:16:31","date_gmt":"2026-08-31T14:16:31","guid":{"rendered":"https:\/\/www.lulelisnoticias.com.br\/blog\/?p=44058"},"modified":"2026-08-31T11:19:35","modified_gmt":"2026-08-31T14:19:35","slug":"tse-deve-definir-limites-para-uso-de-ia-em-campanhas-nesta-terca-feira-1o","status":"publish","type":"post","link":"https:\/\/www.lulelisnoticias.com.br\/blog\/tse-deve-definir-limites-para-uso-de-ia-em-campanhas-nesta-terca-feira-1o\/","title":{"rendered":"TSE deve definir limites para uso de IA em campanhas nesta ter\u00e7a-feira (1\u00ba)"},"content":{"rendered":"\n<p class=\"wp-block-paragraph\">O TSE (Tribunal Superior Eleitoral) deve analisar na pr\u00f3xima ter\u00e7a-feira (1\u00ba\/9) a a\u00e7\u00e3o movida pelo PT contra um v\u00eddeo do ex-presidente Jair Bolsonaro (PL) produzido por IA (intelig\u00eancia artificial) e exibido durante a conven\u00e7\u00e3o do PL que oficializou a candidatura do senador Fl\u00e1vio Bolsonaro (PL-RJ) \u00e0 Presid\u00eancia.<\/p>\n\n\n<div class=\"wp-block-image\">\n<figure class=\"aligncenter size-full\"><img loading=\"lazy\" decoding=\"async\" width=\"607\" height=\"400\" src=\"https:\/\/www.lulelisnoticias.com.br\/blog\/wp-content\/uploads\/2026\/08\/Eleitor-votar-1.jpg\" alt=\"\" class=\"wp-image-44062\"\/><\/figure>\n<\/div>\n\n\n<p class=\"wp-block-paragraph\">O julgamento deve estabelecer uma tese sobre os limites para o uso de intelig\u00eancia artificial na propaganda eleitoral, com potencial para orientar outros casos analisados pela Justi\u00e7a Eleitoral. A Corte tamb\u00e9m dever\u00e1 decidir se houve irregularidade e se o PL e Fl\u00e1vio Bolsonaro devem ser punidos pela divulga\u00e7\u00e3o do material.<\/p>\n\n\n\n<p class=\"wp-block-paragraph\">Na grava\u00e7\u00e3o, uma reprodu\u00e7\u00e3o digital de Jair Bolsonaro aparece manifestando apoio \u00e0 candidatura&nbsp;do filho. Bolsonaro cumpre pena em pris\u00e3o domiciliar ap\u00f3s ser condenado a 27 anos e tr\u00eas meses de reclus\u00e3o por tentativa de golpe de Estado e, por isso, teve seus direitos pol\u00edticos suspensos e est\u00e1 proibido de se comunicar com o meio externo por meio da internet.<\/p>\n\n\n\n<p class=\"wp-block-paragraph\">Ap\u00f3s a exibi\u00e7\u00e3o do v\u00eddeo, a Federa\u00e7\u00e3o Brasil da Esperan\u00e7a, formada por PT, PCdoB e PV, acionou o TSE afirmando que o conte\u00fado configura propaganda eleitoral antecipada e viola as regras da Justi\u00e7a Eleitoral que pro\u00edbem o uso de deepfakes para favorecer ou prejudicar candidaturas.<\/p>\n\n\n\n<p class=\"wp-block-paragraph\">O caso ser\u00e1 analisado no tribunal eleitoral em meio a um debate ainda sem consenso entre os ministros sobre os limites para o uso de intelig\u00eancia artificial nas campanhas e, principalmente, sobre quais conte\u00fados devem ser classificados como deepfakes.<\/p>\n\n\n\n<p class=\"wp-block-paragraph\">CNNbrasil<\/p>\n","protected":false},"excerpt":{"rendered":"<p>O TSE (Tribunal Superior Eleitoral) deve analisar na pr\u00f3xima ter\u00e7a-feira (1\u00ba\/9) a a\u00e7\u00e3o movida pelo PT contra um v\u00eddeo do ex-presidente Jair Bolsonaro (PL) produzido por IA (intelig\u00eancia artificial) e exibido durante a conven\u00e7\u00e3o do PL que oficializou a candidatura do senador Fl\u00e1vio Bolsonaro (PL-RJ) \u00e0 Presid\u00eancia. O julgamento deve estabelecer uma tese sobre os [&hellip;]<\/p>\n","protected":false},"author":1,"featured_media":0,"comment_status":"open","ping_status":"open","sticky":false,"template":"","format":"standard","meta":{"footnotes":""},"categories":[1],"tags":[],"class_list":["post-44058","post","type-post","status-publish","format-standard","hentry","category-sem-categoria"],"_links":{"self":[{"href":"https:\/\/www.lulelisnoticias.com.br\/blog\/wp-json\/wp\/v2\/posts\/44058","targetHints":{"allow":["GET"]}}],"collection":[{"href":"https:\/\/www.lulelisnoticias.com.br\/blog\/wp-json\/wp\/v2\/posts"}],"about":[{"href":"https:\/\/www.lulelisnoticias.com.br\/blog\/wp-json\/wp\/v2\/types\/post"}],"author":[{"embeddable":true,"href":"https:\/\/www.lulelisnoticias.com.br\/blog\/wp-json\/wp\/v2\/users\/1"}],"replies":[{"embeddable":true,"href":"https:\/\/www.lulelisnoticias.com.br\/blog\/wp-json\/wp\/v2\/comments?post=44058"}],"version-history":[{"count":2,"href":"https:\/\/www.lulelisnoticias.com.br\/blog\/wp-json\/wp\/v2\/posts\/44058\/revisions"}],"predecessor-version":[{"id":44063,"href":"https:\/\/www.lulelisnoticias.com.br\/blog\/wp-json\/wp\/v2\/posts\/44058\/revisions\/44063"}],"wp:attachment":[{"href":"https:\/\/www.lulelisnoticias.com.br\/blog\/wp-json\/wp\/v2\/media?parent=44058"}],"wp:term":[{"taxonomy":"category","embeddable":true,"href":"https:\/\/www.lulelisnoticias.com.br\/blog\/wp-json\/wp\/v2\/categories?post=44058"},{"taxonomy":"post_tag","embeddable":true,"href":"https:\/\/www.lulelisnoticias.com.br\/blog\/wp-json\/wp\/v2\/tags?post=44058"}],"curies":[{"name":"wp","href":"https:\/\/api.w.org\/{rel}","templated":true}]}}