{"id":44055,"date":"2026-08-31T11:01:12","date_gmt":"2026-08-31T14:01:12","guid":{"rendered":"https:\/\/www.lulelisnoticias.com.br\/blog\/?p=44055"},"modified":"2026-08-31T11:01:13","modified_gmt":"2026-08-31T14:01:13","slug":"aneel-mantem-bandeira-tarifaria-amarela-em-setembro","status":"publish","type":"post","link":"https:\/\/www.lulelisnoticias.com.br\/blog\/aneel-mantem-bandeira-tarifaria-amarela-em-setembro\/","title":{"rendered":"Aneel mant\u00e9m bandeira tarif\u00e1ria amarela em setembro"},"content":{"rendered":"\n<p class=\"wp-block-paragraph\">A Ag\u00eancia Nacional de Energia El\u00e9trica (ANEEL) informou na \u00faltima sexta-feira (28\/8) que a bandeira tarif\u00e1ria para setembro de 2026 ser\u00e1 amarela, repetindo o cen\u00e1rio observado nos \u00faltimos meses. Desde maio a bandeira amarela \u00e9 acionada no Pa\u00eds.<\/p>\n\n\n<div class=\"wp-block-image\">\n<figure class=\"aligncenter size-full\"><img loading=\"lazy\" decoding=\"async\" width=\"641\" height=\"350\" src=\"https:\/\/www.lulelisnoticias.com.br\/blog\/wp-content\/uploads\/2026\/08\/energia-2.jpg\" alt=\"\" class=\"wp-image-44056\"\/><\/figure>\n<\/div>\n\n\n<p class=\"wp-block-paragraph\">A sinaliza\u00e7\u00e3o reflete condi\u00e7\u00f5es menos favor\u00e1veis de gera\u00e7\u00e3o de energia no Pa\u00eds, com necessidade de utiliza\u00e7\u00e3o de fontes de gera\u00e7\u00e3o com custos mais elevados. Na pr\u00e1tica, a bandeira amarela indica cobran\u00e7a adicional de R$ 1,885 na conta de luz, a cada 100 quilowatts-hora (kWh) consumidos.<\/p>\n\n\n\n<p class=\"wp-block-paragraph\">O sistema de Bandeiras Tarif\u00e1rias permite que os consumidores acompanhem, m\u00eas a m\u00eas, as condi\u00e7\u00f5es de gera\u00e7\u00e3o de energia no Brasil e os custos associados ao seu fornecimento. O mecanismo funciona como um sinalizador que torna mais transparente o custo real da energia para a popula\u00e7\u00e3o.<\/p>\n\n\n\n<p class=\"wp-block-paragraph\">Diante desse cen\u00e1rio, a ANEEL refor\u00e7a a import\u00e2ncia do uso consciente da energia el\u00e9trica. Pequenas mudan\u00e7as de h\u00e1bito podem contribuir para reduzir o consumo e ajudar no controle dos gastos com a conta de luz.<\/p>\n\n\n\n<p class=\"wp-block-paragraph\">ag\u00eancia\/GOV<\/p>\n\n\n\n<p class=\"wp-block-paragraph\"><\/p>\n","protected":false},"excerpt":{"rendered":"<p>A Ag\u00eancia Nacional de Energia El\u00e9trica (ANEEL) informou na \u00faltima sexta-feira (28\/8) que a bandeira tarif\u00e1ria para setembro de 2026 ser\u00e1 amarela, repetindo o cen\u00e1rio observado nos \u00faltimos meses. Desde maio a bandeira amarela \u00e9 acionada no Pa\u00eds. A sinaliza\u00e7\u00e3o reflete condi\u00e7\u00f5es menos favor\u00e1veis de gera\u00e7\u00e3o de energia no Pa\u00eds, com necessidade de utiliza\u00e7\u00e3o de [&hellip;]<\/p>\n","protected":false},"author":1,"featured_media":0,"comment_status":"open","ping_status":"open","sticky":false,"template":"","format":"standard","meta":{"footnotes":""},"categories":[1],"tags":[],"class_list":["post-44055","post","type-post","status-publish","format-standard","hentry","category-sem-categoria"],"_links":{"self":[{"href":"https:\/\/www.lulelisnoticias.com.br\/blog\/wp-json\/wp\/v2\/posts\/44055","targetHints":{"allow":["GET"]}}],"collection":[{"href":"https:\/\/www.lulelisnoticias.com.br\/blog\/wp-json\/wp\/v2\/posts"}],"about":[{"href":"https:\/\/www.lulelisnoticias.com.br\/blog\/wp-json\/wp\/v2\/types\/post"}],"author":[{"embeddable":true,"href":"https:\/\/www.lulelisnoticias.com.br\/blog\/wp-json\/wp\/v2\/users\/1"}],"replies":[{"embeddable":true,"href":"https:\/\/www.lulelisnoticias.com.br\/blog\/wp-json\/wp\/v2\/comments?post=44055"}],"version-history":[{"count":1,"href":"https:\/\/www.lulelisnoticias.com.br\/blog\/wp-json\/wp\/v2\/posts\/44055\/revisions"}],"predecessor-version":[{"id":44057,"href":"https:\/\/www.lulelisnoticias.com.br\/blog\/wp-json\/wp\/v2\/posts\/44055\/revisions\/44057"}],"wp:attachment":[{"href":"https:\/\/www.lulelisnoticias.com.br\/blog\/wp-json\/wp\/v2\/media?parent=44055"}],"wp:term":[{"taxonomy":"category","embeddable":true,"href":"https:\/\/www.lulelisnoticias.com.br\/blog\/wp-json\/wp\/v2\/categories?post=44055"},{"taxonomy":"post_tag","embeddable":true,"href":"https:\/\/www.lulelisnoticias.com.br\/blog\/wp-json\/wp\/v2\/tags?post=44055"}],"curies":[{"name":"wp","href":"https:\/\/api.w.org\/{rel}","templated":true}]}}