{"id":43322,"date":"2026-04-26T10:38:05","date_gmt":"2026-04-26T13:38:05","guid":{"rendered":"https:\/\/www.lulelisnoticias.com.br\/blog\/?p=43322"},"modified":"2026-04-26T10:38:06","modified_gmt":"2026-04-26T13:38:06","slug":"governador-sanciona-lei-que-reconhece-a-libras-como-meio-legal-de-comunicacao-na-bahia","status":"publish","type":"post","link":"https:\/\/www.lulelisnoticias.com.br\/blog\/governador-sanciona-lei-que-reconhece-a-libras-como-meio-legal-de-comunicacao-na-bahia\/","title":{"rendered":"Governador sanciona lei que reconhece a Libras como meio legal de comunica\u00e7\u00e3o na Bahia"},"content":{"rendered":"<div class=\"wp-block-image\">\n<figure class=\"aligncenter size-full\"><img loading=\"lazy\" decoding=\"async\" width=\"600\" height=\"400\" src=\"https:\/\/www.lulelisnoticias.com.br\/blog\/wp-content\/uploads\/2026\/04\/Libras.jpg\" alt=\"\" class=\"wp-image-43323\"\/><figcaption class=\"wp-element-caption\"><em>Foto: Keila Aguiar<\/em><\/figcaption><\/figure>\n<\/div>\n\n\n<p>O governador Jer\u00f4nimo Rodrigues sancionou a lei que reconhece a L\u00edngua Brasileira de Sinais (Libras) como meio legal de comunica\u00e7\u00e3o e express\u00e3o no Estado da Bahia, nesta sexta-feira (24), durante cumprimento de agenda em Brumado. A legisla\u00e7\u00e3o estabelece a Libras como um sistema lingu\u00edstico de transmiss\u00e3o de ideias e fatos, ampliando a acessibilidade, fortalecendo a inclus\u00e3o e garantindo mais direitos \u00e0 comunidade surda baiana.<\/p>\n\n\n\n<p>&#8220;Quando a gente reconhece a &nbsp;Libras, a gente reconhece direitos, respeita a diversidade e garante mais autonomia para a comunidade surda. Esse \u00e9 mais um passo para construirmos uma Bahia cada vez mais inclusiva e acess\u00edvel para todos&#8221;, afirmou o Jer\u00f4nimo.<\/p>\n\n\n\n<p>A nova lei, oficializada no Dia Nacional da L\u00edngua Brasileira de Sinais, determina que institui\u00e7\u00f5es com atendimento di\u00e1rio superior a 500 pessoas, como bancos, hospitais e centros comerciais, disponibilizem int\u00e9rpretes e tradutores qualificados para assegurar atendimento adequado \u00e0 popula\u00e7\u00e3o surda. A medida garante mais autonomia no acesso a servi\u00e7os essenciais e de consumo.<\/p>\n\n\n\n<p>Al\u00e9m disso, a Secretaria de Justi\u00e7a e Direitos Humanos ser\u00e1 respons\u00e1vel pela implementa\u00e7\u00e3o de crit\u00e9rios de forma\u00e7\u00e3o e pela oferta progressiva de cursos de Libras para servidores estaduais, ampliando a capacidade de atendimento inclusivo em toda a administra\u00e7\u00e3o p\u00fablica.<\/p>\n\n\n\n<p>A san\u00e7\u00e3o tamb\u00e9m integra um conjunto mais amplo de pol\u00edticas p\u00fablicas voltadas \u00e0s pessoas com defici\u00eancia. Entre as iniciativas, est\u00e3o a amplia\u00e7\u00e3o da Central de Int\u00e9rpretes de Libras da Bahia (CILBA Online) e a cria\u00e7\u00e3o de dois N\u00facleos de Comunica\u00e7\u00e3o em Libras, que ser\u00e3o implantados em Salvador e Feira de Santana.<\/p>\n\n\n\n<p>Rep\u00f3rter: Leo Moreira\/ GOVBA<\/p>\n","protected":false},"excerpt":{"rendered":"<p>Foto: Keila Aguiar O governador Jer\u00f4nimo Rodrigues sancionou a lei que reconhece a L\u00edngua Brasileira de Sinais (Libras) como meio legal de comunica\u00e7\u00e3o e express\u00e3o no Estado da Bahia, nesta sexta-feira (24), durante cumprimento de agenda em Brumado. A legisla\u00e7\u00e3o estabelece a Libras como um sistema lingu\u00edstico de transmiss\u00e3o de ideias e fatos, ampliando a [&hellip;]<\/p>\n","protected":false},"author":1,"featured_media":0,"comment_status":"open","ping_status":"open","sticky":false,"template":"","format":"standard","meta":{"footnotes":""},"categories":[1],"tags":[],"class_list":["post-43322","post","type-post","status-publish","format-standard","hentry","category-sem-categoria"],"_links":{"self":[{"href":"https:\/\/www.lulelisnoticias.com.br\/blog\/wp-json\/wp\/v2\/posts\/43322","targetHints":{"allow":["GET"]}}],"collection":[{"href":"https:\/\/www.lulelisnoticias.com.br\/blog\/wp-json\/wp\/v2\/posts"}],"about":[{"href":"https:\/\/www.lulelisnoticias.com.br\/blog\/wp-json\/wp\/v2\/types\/post"}],"author":[{"embeddable":true,"href":"https:\/\/www.lulelisnoticias.com.br\/blog\/wp-json\/wp\/v2\/users\/1"}],"replies":[{"embeddable":true,"href":"https:\/\/www.lulelisnoticias.com.br\/blog\/wp-json\/wp\/v2\/comments?post=43322"}],"version-history":[{"count":1,"href":"https:\/\/www.lulelisnoticias.com.br\/blog\/wp-json\/wp\/v2\/posts\/43322\/revisions"}],"predecessor-version":[{"id":43324,"href":"https:\/\/www.lulelisnoticias.com.br\/blog\/wp-json\/wp\/v2\/posts\/43322\/revisions\/43324"}],"wp:attachment":[{"href":"https:\/\/www.lulelisnoticias.com.br\/blog\/wp-json\/wp\/v2\/media?parent=43322"}],"wp:term":[{"taxonomy":"category","embeddable":true,"href":"https:\/\/www.lulelisnoticias.com.br\/blog\/wp-json\/wp\/v2\/categories?post=43322"},{"taxonomy":"post_tag","embeddable":true,"href":"https:\/\/www.lulelisnoticias.com.br\/blog\/wp-json\/wp\/v2\/tags?post=43322"}],"curies":[{"name":"wp","href":"https:\/\/api.w.org\/{rel}","templated":true}]}}