{"id":43317,"date":"2026-04-26T10:20:02","date_gmt":"2026-04-26T13:20:02","guid":{"rendered":"https:\/\/www.lulelisnoticias.com.br\/blog\/?p=43317"},"modified":"2026-04-26T10:20:04","modified_gmt":"2026-04-26T13:20:04","slug":"governador-jeronimo-rodrigues-participa-da-apresentacao-oficial-da-bahia-farm-show-2026-nesta-segunda-feira-27","status":"publish","type":"post","link":"https:\/\/www.lulelisnoticias.com.br\/blog\/governador-jeronimo-rodrigues-participa-da-apresentacao-oficial-da-bahia-farm-show-2026-nesta-segunda-feira-27\/","title":{"rendered":"Governador Jer\u00f4nimo Rodrigues participa da apresenta\u00e7\u00e3o oficial da Bahia Farm Show 2026 nesta segunda-feira (27)"},"content":{"rendered":"\n<p>O governador Jer\u00f4nimo Rodrigues participa da apresenta\u00e7\u00e3o oficial da Bahia Farm Show 2026 nesta segunda-feira (27), \u00e0s 11h, na sede da Governadoria, no Centro Administrativo da Bahia (CAB), em Salvador. A agenda contar\u00e1 com a presen\u00e7a do presidente da Associa\u00e7\u00e3o dos Agricultores e Irrigantes da Bahia (Aiba) e da Bahia Farm Show, Mois\u00e9s Schmidt.<\/p>\n\n\n<div class=\"wp-block-image\">\n<figure class=\"aligncenter size-full\"><img loading=\"lazy\" decoding=\"async\" width=\"436\" height=\"400\" src=\"https:\/\/www.lulelisnoticias.com.br\/blog\/wp-content\/uploads\/2026\/04\/Governador-Jeronimo-Rodrigues-1.jpg\" alt=\"\" class=\"wp-image-43318\"\/><figcaption class=\"wp-element-caption\">Foto Matheus Landim\/GOVBA<\/figcaption><\/figure>\n<\/div>\n\n\n<p>A Bahia Farm Show \u00e9 considerada uma das principais vitrines do agroneg\u00f3cio brasileiro, com impacto econ\u00f4mico para a Bahia.<\/p>\n","protected":false},"excerpt":{"rendered":"<p>O governador Jer\u00f4nimo Rodrigues participa da apresenta\u00e7\u00e3o oficial da Bahia Farm Show 2026 nesta segunda-feira (27), \u00e0s 11h, na sede da Governadoria, no Centro Administrativo da Bahia (CAB), em Salvador. A agenda contar\u00e1 com a presen\u00e7a do presidente da Associa\u00e7\u00e3o dos Agricultores e Irrigantes da Bahia (Aiba) e da Bahia Farm Show, Mois\u00e9s Schmidt. Foto [&hellip;]<\/p>\n","protected":false},"author":1,"featured_media":0,"comment_status":"open","ping_status":"open","sticky":false,"template":"","format":"standard","meta":{"footnotes":""},"categories":[1],"tags":[],"class_list":["post-43317","post","type-post","status-publish","format-standard","hentry","category-sem-categoria"],"_links":{"self":[{"href":"https:\/\/www.lulelisnoticias.com.br\/blog\/wp-json\/wp\/v2\/posts\/43317","targetHints":{"allow":["GET"]}}],"collection":[{"href":"https:\/\/www.lulelisnoticias.com.br\/blog\/wp-json\/wp\/v2\/posts"}],"about":[{"href":"https:\/\/www.lulelisnoticias.com.br\/blog\/wp-json\/wp\/v2\/types\/post"}],"author":[{"embeddable":true,"href":"https:\/\/www.lulelisnoticias.com.br\/blog\/wp-json\/wp\/v2\/users\/1"}],"replies":[{"embeddable":true,"href":"https:\/\/www.lulelisnoticias.com.br\/blog\/wp-json\/wp\/v2\/comments?post=43317"}],"version-history":[{"count":1,"href":"https:\/\/www.lulelisnoticias.com.br\/blog\/wp-json\/wp\/v2\/posts\/43317\/revisions"}],"predecessor-version":[{"id":43319,"href":"https:\/\/www.lulelisnoticias.com.br\/blog\/wp-json\/wp\/v2\/posts\/43317\/revisions\/43319"}],"wp:attachment":[{"href":"https:\/\/www.lulelisnoticias.com.br\/blog\/wp-json\/wp\/v2\/media?parent=43317"}],"wp:term":[{"taxonomy":"category","embeddable":true,"href":"https:\/\/www.lulelisnoticias.com.br\/blog\/wp-json\/wp\/v2\/categories?post=43317"},{"taxonomy":"post_tag","embeddable":true,"href":"https:\/\/www.lulelisnoticias.com.br\/blog\/wp-json\/wp\/v2\/tags?post=43317"}],"curies":[{"name":"wp","href":"https:\/\/api.w.org\/{rel}","templated":true}]}}