{"id":31928,"date":"2022-09-21T08:44:28","date_gmt":"2022-09-21T11:44:28","guid":{"rendered":"http:\/\/www.lulelisnoticias.com.br\/blog\/?p=31928"},"modified":"2022-09-21T08:44:28","modified_gmt":"2022-09-21T11:44:28","slug":"prefeitura-de-jequie-amplia-quarta-dose-da-vacina-contra-covid-19-para-pessoas-a-partir-de-18-anos","status":"publish","type":"post","link":"https:\/\/www.lulelisnoticias.com.br\/blog\/prefeitura-de-jequie-amplia-quarta-dose-da-vacina-contra-covid-19-para-pessoas-a-partir-de-18-anos\/","title":{"rendered":"Prefeitura de Jequi\u00e9 amplia quarta dose da vacina contra Covid-19 para pessoas a partir de 18 anos"},"content":{"rendered":"<p><img loading=\"lazy\" decoding=\"async\" class=\"size-full wp-image-31926 aligncenter\" src=\"https:\/\/www.lulelisnoticias.com.br\/blog\/wp-content\/uploads\/2022\/09\/Vacina-em-Jequi\u00e9-completa-1-ano.jpg\" alt=\"\" width=\"711\" height=\"400\" \/>Nesta quarta-feira (21), a Prefeitura de Jequi\u00e9, atrav\u00e9s da Secretaria de Sa\u00fade, ir\u00e1 ampliar a vacina\u00e7\u00e3o contra a Covid-19, passando a disponibilizar a quarta dose para todos os adultos de 18 anos ou mais que tomaram as tr\u00eas doses anteriores h\u00e1 quatro meses. As demais doses da vacina tamb\u00e9m est\u00e3o dispon\u00edveis nas Unidades de Sa\u00fade, sempre respeitando o per\u00edodo de intervalo entre a aplica\u00e7\u00e3o das doses.<\/p>\n","protected":false},"excerpt":{"rendered":"<p>Nesta quarta-feira (21), a Prefeitura de Jequi\u00e9, atrav\u00e9s da Secretaria de Sa\u00fade, ir\u00e1 ampliar a vacina\u00e7\u00e3o contra a Covid-19, passando a disponibilizar a quarta dose para todos os adultos de 18 anos ou mais que tomaram as tr\u00eas doses anteriores h\u00e1 quatro meses. As demais doses da vacina tamb\u00e9m est\u00e3o dispon\u00edveis nas Unidades de Sa\u00fade, [&hellip;]<\/p>\n","protected":false},"author":1,"featured_media":0,"comment_status":"open","ping_status":"open","sticky":false,"template":"","format":"standard","meta":{"footnotes":""},"categories":[10],"tags":[],"class_list":["post-31928","post","type-post","status-publish","format-standard","hentry","category-jequie"],"_links":{"self":[{"href":"https:\/\/www.lulelisnoticias.com.br\/blog\/wp-json\/wp\/v2\/posts\/31928","targetHints":{"allow":["GET"]}}],"collection":[{"href":"https:\/\/www.lulelisnoticias.com.br\/blog\/wp-json\/wp\/v2\/posts"}],"about":[{"href":"https:\/\/www.lulelisnoticias.com.br\/blog\/wp-json\/wp\/v2\/types\/post"}],"author":[{"embeddable":true,"href":"https:\/\/www.lulelisnoticias.com.br\/blog\/wp-json\/wp\/v2\/users\/1"}],"replies":[{"embeddable":true,"href":"https:\/\/www.lulelisnoticias.com.br\/blog\/wp-json\/wp\/v2\/comments?post=31928"}],"version-history":[{"count":1,"href":"https:\/\/www.lulelisnoticias.com.br\/blog\/wp-json\/wp\/v2\/posts\/31928\/revisions"}],"predecessor-version":[{"id":31929,"href":"https:\/\/www.lulelisnoticias.com.br\/blog\/wp-json\/wp\/v2\/posts\/31928\/revisions\/31929"}],"wp:attachment":[{"href":"https:\/\/www.lulelisnoticias.com.br\/blog\/wp-json\/wp\/v2\/media?parent=31928"}],"wp:term":[{"taxonomy":"category","embeddable":true,"href":"https:\/\/www.lulelisnoticias.com.br\/blog\/wp-json\/wp\/v2\/categories?post=31928"},{"taxonomy":"post_tag","embeddable":true,"href":"https:\/\/www.lulelisnoticias.com.br\/blog\/wp-json\/wp\/v2\/tags?post=31928"}],"curies":[{"name":"wp","href":"https:\/\/api.w.org\/{rel}","templated":true}]}}