{"id":31582,"date":"2022-08-22T15:56:55","date_gmt":"2022-08-22T18:56:55","guid":{"rendered":"http:\/\/www.lulelisnoticias.com.br\/blog\/?p=31582"},"modified":"2022-08-22T15:56:55","modified_gmt":"2022-08-22T18:56:55","slug":"jequie-prefeitura-e-ordem-dos-pastores-evangelicos-realizaram-dia-do-evangelico-no-alto-da-prefeitura","status":"publish","type":"post","link":"https:\/\/www.lulelisnoticias.com.br\/blog\/jequie-prefeitura-e-ordem-dos-pastores-evangelicos-realizaram-dia-do-evangelico-no-alto-da-prefeitura\/","title":{"rendered":"Jequi\u00e9: Prefeitura e Ordem dos Pastores Evang\u00e9licos realizaram Dia do Evang\u00e9lico no Alto da Prefeitura"},"content":{"rendered":"<p><img loading=\"lazy\" decoding=\"async\" class=\"size-full wp-image-31583 aligncenter\" src=\"https:\/\/www.lulelisnoticias.com.br\/blog\/wp-content\/uploads\/2022\/08\/Evangelicos-comerora-Dia.jpg\" alt=\"\" width=\"711\" height=\"400\" \/>Milhares de fi\u00e9is de diversas denomina\u00e7\u00f5es religiosas e fam\u00edlias, prestigiaram o evento do Dia do Evang\u00e9lico, promovido pela Prefeitura de Jequi\u00e9, em parceria com a Ordem dos Pastores Evang\u00e9licos de Jequi\u00e9 (OPEJ), na Pra\u00e7a dos Poetas, Alto da Prefeitura. Estiveram presentes, o prefeito de Jequi\u00e9, Z\u00e9 Coc\u00e1, pastores, entre outras lideran\u00e7as religiosas.<\/p>\n<p>O evento, que teve in\u00edcio na \u00faltima sexta-feira (19),e foi at\u00e9 a tarde do domingo(21).Marcado pela reflex\u00e3o religiosa, com mensagens de f\u00e9 e de esperan\u00e7a, com a ministra\u00e7\u00e3o do Evangelho, por meio da participa\u00e7\u00e3o dos pastores Jo\u00e3o Macedo e Eli Shema, e a celebra\u00e7\u00e3o art\u00edstica e musical com destaque\u00a0 aos reconhecidos artistas do cen\u00e1rio gospel local, que interpretaram can\u00e7\u00f5es autorais, e hinos popularmente conhecidos,\u00a0 entre eles, o jovem talento da m\u00fasica, Matheus Meneses da Silva, que \u00e9 estudante da Escola Municipal Professora Anita Rabelo. O cantor Jess\u00e9 Aguiar foi a grande atra\u00e7\u00e3o do s\u00e1bado, no Dia do Evang\u00e9lico, atraindo um grande p\u00fablico, n\u00e3o s\u00f3 de Jequi\u00e9 como de cidades vizinhas.<\/p>\n","protected":false},"excerpt":{"rendered":"<p>Milhares de fi\u00e9is de diversas denomina\u00e7\u00f5es religiosas e fam\u00edlias, prestigiaram o evento do Dia do Evang\u00e9lico, promovido pela Prefeitura de Jequi\u00e9, em parceria com a Ordem dos Pastores Evang\u00e9licos de Jequi\u00e9 (OPEJ), na Pra\u00e7a dos Poetas, Alto da Prefeitura. Estiveram presentes, o prefeito de Jequi\u00e9, Z\u00e9 Coc\u00e1, pastores, entre outras lideran\u00e7as religiosas. O evento, que [&hellip;]<\/p>\n","protected":false},"author":1,"featured_media":0,"comment_status":"open","ping_status":"open","sticky":false,"template":"","format":"standard","meta":{"footnotes":""},"categories":[10],"tags":[],"class_list":["post-31582","post","type-post","status-publish","format-standard","hentry","category-jequie"],"_links":{"self":[{"href":"https:\/\/www.lulelisnoticias.com.br\/blog\/wp-json\/wp\/v2\/posts\/31582","targetHints":{"allow":["GET"]}}],"collection":[{"href":"https:\/\/www.lulelisnoticias.com.br\/blog\/wp-json\/wp\/v2\/posts"}],"about":[{"href":"https:\/\/www.lulelisnoticias.com.br\/blog\/wp-json\/wp\/v2\/types\/post"}],"author":[{"embeddable":true,"href":"https:\/\/www.lulelisnoticias.com.br\/blog\/wp-json\/wp\/v2\/users\/1"}],"replies":[{"embeddable":true,"href":"https:\/\/www.lulelisnoticias.com.br\/blog\/wp-json\/wp\/v2\/comments?post=31582"}],"version-history":[{"count":1,"href":"https:\/\/www.lulelisnoticias.com.br\/blog\/wp-json\/wp\/v2\/posts\/31582\/revisions"}],"predecessor-version":[{"id":31584,"href":"https:\/\/www.lulelisnoticias.com.br\/blog\/wp-json\/wp\/v2\/posts\/31582\/revisions\/31584"}],"wp:attachment":[{"href":"https:\/\/www.lulelisnoticias.com.br\/blog\/wp-json\/wp\/v2\/media?parent=31582"}],"wp:term":[{"taxonomy":"category","embeddable":true,"href":"https:\/\/www.lulelisnoticias.com.br\/blog\/wp-json\/wp\/v2\/categories?post=31582"},{"taxonomy":"post_tag","embeddable":true,"href":"https:\/\/www.lulelisnoticias.com.br\/blog\/wp-json\/wp\/v2\/tags?post=31582"}],"curies":[{"name":"wp","href":"https:\/\/api.w.org\/{rel}","templated":true}]}}