{"id":31549,"date":"2022-08-19T10:35:07","date_gmt":"2022-08-19T13:35:07","guid":{"rendered":"http:\/\/www.lulelisnoticias.com.br\/blog\/?p=31549"},"modified":"2022-08-19T10:35:07","modified_gmt":"2022-08-19T13:35:07","slug":"jequie-prefeitura-inicia-articulacao-para-aplicacao-da-lei-paulo-gustavo","status":"publish","type":"post","link":"https:\/\/www.lulelisnoticias.com.br\/blog\/jequie-prefeitura-inicia-articulacao-para-aplicacao-da-lei-paulo-gustavo\/","title":{"rendered":"Jequi\u00e9: Prefeitura inicia articula\u00e7\u00e3o para aplica\u00e7\u00e3o da Lei Paulo Gustavo"},"content":{"rendered":"<p><img loading=\"lazy\" decoding=\"async\" class=\"size-full wp-image-31550 aligncenter\" src=\"https:\/\/www.lulelisnoticias.com.br\/blog\/wp-content\/uploads\/2022\/08\/Lei-Paulo-Gustavo.jpg\" alt=\"\" width=\"711\" height=\"400\" \/>Aprovada pelo Senado no in\u00edcio do m\u00eas de julho, a Lei Paulo Gustavo autoriza o uso do saldo do Fundo Nacional de Cultura de forma descentralizada por estados e munic\u00edpios. A maior parte dos recursos destinados vai para o setor de audiovisuais. O restante dever\u00e1 ser distribu\u00eddo entre profissionais e pequenas empresas que interromperam suas atividades em fun\u00e7\u00e3o da crise sanit\u00e1ria do pa\u00eds. A Prefeitura de Jequi\u00e9, atrav\u00e9s da Secretaria de Cultura e Turismo, deu in\u00edcio, no s\u00e1bado(13), \u00e0s reuni\u00f5es para tratar das quest\u00f5es iniciais da Lei Paulo Gustavo, no \u00e2mbito municipal.<\/p>\n<p>A lei, aprovada pelo Congresso Nacional no in\u00edcio deste m\u00eas, tem car\u00e1ter emergencial e ser\u00e1 executada ainda neste ano. Estiveram presentes a diretora de Promo\u00e7\u00e3o Cultural, Virg\u00ednia Pimentel; equipe t\u00e9cnica da Secretaria; profissionais e trabalhadores do setor cultural. Para o munic\u00edpio de Jequi\u00e9, a Lei Paulo Gustavo destinou mais de R$ R$ 1 milh\u00e3o de reais em recursos que ser\u00e3o distribu\u00eddos, predominantemente, para o segmento de audiovisual. Entretanto, a lei tamb\u00e9m abranger\u00e1 os trabalhadores de artes c\u00eanicas, artesanato, artes visuais, cultura popular, cultura afro, cinema e espa\u00e7os culturais, audiovisual, literatura, livro e leitura, pesquisadores culturais, produtores culturais e m\u00fasica.<\/p>\n<p>&nbsp;<\/p>\n<p>&nbsp;<\/p>\n","protected":false},"excerpt":{"rendered":"<p>Aprovada pelo Senado no in\u00edcio do m\u00eas de julho, a Lei Paulo Gustavo autoriza o uso do saldo do Fundo Nacional de Cultura de forma descentralizada por estados e munic\u00edpios. A maior parte dos recursos destinados vai para o setor de audiovisuais. O restante dever\u00e1 ser distribu\u00eddo entre profissionais e pequenas empresas que interromperam suas [&hellip;]<\/p>\n","protected":false},"author":1,"featured_media":0,"comment_status":"open","ping_status":"open","sticky":false,"template":"","format":"standard","meta":{"footnotes":""},"categories":[10],"tags":[],"class_list":["post-31549","post","type-post","status-publish","format-standard","hentry","category-jequie"],"_links":{"self":[{"href":"https:\/\/www.lulelisnoticias.com.br\/blog\/wp-json\/wp\/v2\/posts\/31549","targetHints":{"allow":["GET"]}}],"collection":[{"href":"https:\/\/www.lulelisnoticias.com.br\/blog\/wp-json\/wp\/v2\/posts"}],"about":[{"href":"https:\/\/www.lulelisnoticias.com.br\/blog\/wp-json\/wp\/v2\/types\/post"}],"author":[{"embeddable":true,"href":"https:\/\/www.lulelisnoticias.com.br\/blog\/wp-json\/wp\/v2\/users\/1"}],"replies":[{"embeddable":true,"href":"https:\/\/www.lulelisnoticias.com.br\/blog\/wp-json\/wp\/v2\/comments?post=31549"}],"version-history":[{"count":1,"href":"https:\/\/www.lulelisnoticias.com.br\/blog\/wp-json\/wp\/v2\/posts\/31549\/revisions"}],"predecessor-version":[{"id":31551,"href":"https:\/\/www.lulelisnoticias.com.br\/blog\/wp-json\/wp\/v2\/posts\/31549\/revisions\/31551"}],"wp:attachment":[{"href":"https:\/\/www.lulelisnoticias.com.br\/blog\/wp-json\/wp\/v2\/media?parent=31549"}],"wp:term":[{"taxonomy":"category","embeddable":true,"href":"https:\/\/www.lulelisnoticias.com.br\/blog\/wp-json\/wp\/v2\/categories?post=31549"},{"taxonomy":"post_tag","embeddable":true,"href":"https:\/\/www.lulelisnoticias.com.br\/blog\/wp-json\/wp\/v2\/tags?post=31549"}],"curies":[{"name":"wp","href":"https:\/\/api.w.org\/{rel}","templated":true}]}}