{"id":31509,"date":"2022-08-16T10:29:45","date_gmt":"2022-08-16T13:29:45","guid":{"rendered":"http:\/\/www.lulelisnoticias.com.br\/blog\/?p=31509"},"modified":"2022-08-16T12:50:10","modified_gmt":"2022-08-16T15:50:10","slug":"jequie-aluna-julia-borges-do-centro-artistico-laura-brandao-foi-destaque-no-concurso-de-danca-em-itabuna","status":"publish","type":"post","link":"https:\/\/www.lulelisnoticias.com.br\/blog\/jequie-aluna-julia-borges-do-centro-artistico-laura-brandao-foi-destaque-no-concurso-de-danca-em-itabuna\/","title":{"rendered":"Jequi\u00e9: Aluna J\u00falia Borges do Centro Art\u00edstico Luara Brand\u00e3o, foi destaque no Concurso de Dan\u00e7a em Itabuna"},"content":{"rendered":"<div id=\"attachment_31510\" style=\"width: 510px\" class=\"wp-caption aligncenter\"><img loading=\"lazy\" decoding=\"async\" aria-describedby=\"caption-attachment-31510\" class=\"size-full wp-image-31510\" src=\"https:\/\/www.lulelisnoticias.com.br\/blog\/wp-content\/uploads\/2022\/08\/IMG-20220815-WA0652.jpg\" alt=\"\" width=\"500\" height=\"400\" \/><p id=\"caption-attachment-31510\" class=\"wp-caption-text\">Julia Borges se apresentando em Itabuna<\/p><\/div>\n<p>No \u00faltimo final de semana, o Centro Art\u00edstico Luara Brand\u00e3o (Jequi\u00e9), se fez presente no Concurso de Dan\u00e7a Costa do Cacau, mais conhecido como Festival DCC, na cidade de Itabuna! O evento contou com a presen\u00e7a de cerca 500 bailarinos de toda a regi\u00e3o, al\u00e9m de professores renomados de todo o Brasil! <img loading=\"lazy\" decoding=\"async\" class=\"size-full wp-image-31511 aligncenter\" src=\"https:\/\/www.lulelisnoticias.com.br\/blog\/wp-content\/uploads\/2022\/08\/IMG-20220815-WA0651.jpg\" alt=\"\" width=\"500\" height=\"400\" \/>O Centro Art\u00edstico Luara Brand\u00e3o levou para o concurso um total de 22 bailarinos, que se apresentaram em 6 coreografias diferentes! Um destaque para a aluna Jequieense do Centro Art\u00edstico J\u00falia Borges,filha de Taiana e Fabr\u00edcio Borges. Mais uma vez,\u00a0 J\u00falia trouxe medalhas para nossa Cidade Sol, conquistando premia\u00e7\u00e3o em 1\u00ba lugar no solo estive livre categoria s\u00eanior 1,1\u00ba lugar no grupo de dan\u00e7as populares e 2\u00ba lugar no grupo estilo livre. Todas outras coreografias foram premiadas em 1\u00ba e 2\u00ba lugar.<\/p>\n","protected":false},"excerpt":{"rendered":"<p>No \u00faltimo final de semana, o Centro Art\u00edstico Luara Brand\u00e3o (Jequi\u00e9), se fez presente no Concurso de Dan\u00e7a Costa do Cacau, mais conhecido como Festival DCC, na cidade de Itabuna! O evento contou com a presen\u00e7a de cerca 500 bailarinos de toda a regi\u00e3o, al\u00e9m de professores renomados de todo o Brasil! O Centro Art\u00edstico [&hellip;]<\/p>\n","protected":false},"author":1,"featured_media":0,"comment_status":"open","ping_status":"open","sticky":false,"template":"","format":"standard","meta":{"footnotes":""},"categories":[10],"tags":[],"class_list":["post-31509","post","type-post","status-publish","format-standard","hentry","category-jequie"],"_links":{"self":[{"href":"https:\/\/www.lulelisnoticias.com.br\/blog\/wp-json\/wp\/v2\/posts\/31509","targetHints":{"allow":["GET"]}}],"collection":[{"href":"https:\/\/www.lulelisnoticias.com.br\/blog\/wp-json\/wp\/v2\/posts"}],"about":[{"href":"https:\/\/www.lulelisnoticias.com.br\/blog\/wp-json\/wp\/v2\/types\/post"}],"author":[{"embeddable":true,"href":"https:\/\/www.lulelisnoticias.com.br\/blog\/wp-json\/wp\/v2\/users\/1"}],"replies":[{"embeddable":true,"href":"https:\/\/www.lulelisnoticias.com.br\/blog\/wp-json\/wp\/v2\/comments?post=31509"}],"version-history":[{"count":3,"href":"https:\/\/www.lulelisnoticias.com.br\/blog\/wp-json\/wp\/v2\/posts\/31509\/revisions"}],"predecessor-version":[{"id":31521,"href":"https:\/\/www.lulelisnoticias.com.br\/blog\/wp-json\/wp\/v2\/posts\/31509\/revisions\/31521"}],"wp:attachment":[{"href":"https:\/\/www.lulelisnoticias.com.br\/blog\/wp-json\/wp\/v2\/media?parent=31509"}],"wp:term":[{"taxonomy":"category","embeddable":true,"href":"https:\/\/www.lulelisnoticias.com.br\/blog\/wp-json\/wp\/v2\/categories?post=31509"},{"taxonomy":"post_tag","embeddable":true,"href":"https:\/\/www.lulelisnoticias.com.br\/blog\/wp-json\/wp\/v2\/tags?post=31509"}],"curies":[{"name":"wp","href":"https:\/\/api.w.org\/{rel}","templated":true}]}}