{"id":29492,"date":"2022-03-04T12:22:58","date_gmt":"2022-03-04T15:22:58","guid":{"rendered":"http:\/\/www.lulelisnoticias.com.br\/blog\/?p=29492"},"modified":"2022-03-04T12:22:58","modified_gmt":"2022-03-04T15:22:58","slug":"prefeitura-de-jequie-e-governo-do-estado-realizam-segunda-fase-do-rastreamento-do-cancer-de-mama","status":"publish","type":"post","link":"https:\/\/www.lulelisnoticias.com.br\/blog\/prefeitura-de-jequie-e-governo-do-estado-realizam-segunda-fase-do-rastreamento-do-cancer-de-mama\/","title":{"rendered":"Prefeitura de Jequi\u00e9 e Governo do Estado realizam segunda fase do rastreamento do c\u00e2ncer de mama"},"content":{"rendered":"<p><img loading=\"lazy\" decoding=\"async\" class=\"size-full wp-image-29494 aligncenter\" src=\"https:\/\/www.lulelisnoticias.com.br\/blog\/wp-content\/uploads\/2022\/03\/Cancer-de-mama-Jequi\u00e9.jpg\" alt=\"\" width=\"711\" height=\"400\" \/>A Prefeitura de Jequi\u00e9, atrav\u00e9s da Secretaria de Sa\u00fade, e o Governo do Estado, por meio da Secretaria Estadual de Sa\u00fade (SESAB), deu in\u00edcio, na quinta-feira (3), \u00e0 segunda etapa do rastreamento do c\u00e2ncer de mama. A iniciativa, que vai at\u00e9 esta sexta-feira (4), d\u00e1 continuidade ao atendimento das mulheres que realizaram a mamografia na unidade itinerante de atendimento, na primeira etapa, e que, por algum motivo, necessitam de exames complementares.<\/p>\n<p>As pacientes, entre 40 a 69 anos, que apresentaram algum tipo de altera\u00e7\u00e3o nos exames de mamografia foram convocadas e o atendimento est\u00e1 sendo feito na Cl\u00ednica Escola de Fisioterapia, da Universidade Estadual do Sudoeste da Bahia (UESB), campus de Jequi\u00e9, localizada no bairro Jequiezinho. Est\u00e3o sendo disponibilizadas ultrassonografias mam\u00e1rias e o exame de pun\u00e7\u00e3o de n\u00f3dulo mam\u00e1rio, que agilizam muito o diagn\u00f3stico. A pun\u00e7\u00e3o mam\u00e1ria consiste na aspira\u00e7\u00e3o do conte\u00fado do n\u00f3dulo mam\u00e1rio para avalia\u00e7\u00e3o em laborat\u00f3rio, sendo uma importante a\u00e7\u00e3o preventiva contra a possibilidade de desenvolvimento de tumores cancer\u00edgenos. Para realiza\u00e7\u00e3o dos exames, as mulheres convocadas dever\u00e3o apresentar o RG, cart\u00e3o do SUS e um comprovante de resid\u00eancia. Para a secret\u00e1ria de Sa\u00fade, Polliana Leandro, o acompanhamento para diagn\u00f3stico precoce da doen\u00e7a \u00e9 fundamental. Para realiza\u00e7\u00e3o dos exames, as mulheres convocadas dever\u00e3o apresentar o RG, cart\u00e3o do SUS e um comprovante de resid\u00eancia.<\/p>\n","protected":false},"excerpt":{"rendered":"<p>A Prefeitura de Jequi\u00e9, atrav\u00e9s da Secretaria de Sa\u00fade, e o Governo do Estado, por meio da Secretaria Estadual de Sa\u00fade (SESAB), deu in\u00edcio, na quinta-feira (3), \u00e0 segunda etapa do rastreamento do c\u00e2ncer de mama. A iniciativa, que vai at\u00e9 esta sexta-feira (4), d\u00e1 continuidade ao atendimento das mulheres que realizaram a mamografia na [&hellip;]<\/p>\n","protected":false},"author":1,"featured_media":0,"comment_status":"open","ping_status":"open","sticky":false,"template":"","format":"standard","meta":{"footnotes":""},"categories":[10],"tags":[],"class_list":["post-29492","post","type-post","status-publish","format-standard","hentry","category-jequie"],"_links":{"self":[{"href":"https:\/\/www.lulelisnoticias.com.br\/blog\/wp-json\/wp\/v2\/posts\/29492","targetHints":{"allow":["GET"]}}],"collection":[{"href":"https:\/\/www.lulelisnoticias.com.br\/blog\/wp-json\/wp\/v2\/posts"}],"about":[{"href":"https:\/\/www.lulelisnoticias.com.br\/blog\/wp-json\/wp\/v2\/types\/post"}],"author":[{"embeddable":true,"href":"https:\/\/www.lulelisnoticias.com.br\/blog\/wp-json\/wp\/v2\/users\/1"}],"replies":[{"embeddable":true,"href":"https:\/\/www.lulelisnoticias.com.br\/blog\/wp-json\/wp\/v2\/comments?post=29492"}],"version-history":[{"count":1,"href":"https:\/\/www.lulelisnoticias.com.br\/blog\/wp-json\/wp\/v2\/posts\/29492\/revisions"}],"predecessor-version":[{"id":29495,"href":"https:\/\/www.lulelisnoticias.com.br\/blog\/wp-json\/wp\/v2\/posts\/29492\/revisions\/29495"}],"wp:attachment":[{"href":"https:\/\/www.lulelisnoticias.com.br\/blog\/wp-json\/wp\/v2\/media?parent=29492"}],"wp:term":[{"taxonomy":"category","embeddable":true,"href":"https:\/\/www.lulelisnoticias.com.br\/blog\/wp-json\/wp\/v2\/categories?post=29492"},{"taxonomy":"post_tag","embeddable":true,"href":"https:\/\/www.lulelisnoticias.com.br\/blog\/wp-json\/wp\/v2\/tags?post=29492"}],"curies":[{"name":"wp","href":"https:\/\/api.w.org\/{rel}","templated":true}]}}