{"id":28942,"date":"2022-01-21T21:35:34","date_gmt":"2022-01-22T00:35:34","guid":{"rendered":"http:\/\/www.lulelisnoticias.com.br\/blog\/?p=28942"},"modified":"2022-01-21T21:35:34","modified_gmt":"2022-01-22T00:35:34","slug":"o-boletim-epidemiologico-registrou-mais-200-novos-casos-positivos-de-covid-19-em-jequie-perfazendo-um-total-de-18-645","status":"publish","type":"post","link":"https:\/\/www.lulelisnoticias.com.br\/blog\/o-boletim-epidemiologico-registrou-mais-200-novos-casos-positivos-de-covid-19-em-jequie-perfazendo-um-total-de-18-645\/","title":{"rendered":"O Boletim Epidemiol\u00f3gico registrou mais 200 novos casos positivos de Covid-19- em Jequi\u00e9 perfazendo um total de 18.645"},"content":{"rendered":"<p><img loading=\"lazy\" decoding=\"async\" class=\"size-full wp-image-28943 aligncenter\" src=\"https:\/\/www.lulelisnoticias.com.br\/blog\/wp-content\/uploads\/2022\/01\/IMG-20220121-WA0362.jpg\" alt=\"\" width=\"400\" height=\"400\" srcset=\"https:\/\/www.lulelisnoticias.com.br\/blog\/wp-content\/uploads\/2022\/01\/IMG-20220121-WA0362.jpg 400w, https:\/\/www.lulelisnoticias.com.br\/blog\/wp-content\/uploads\/2022\/01\/IMG-20220121-WA0362-90x90.jpg 90w, https:\/\/www.lulelisnoticias.com.br\/blog\/wp-content\/uploads\/2022\/01\/IMG-20220121-WA0362-70x70.jpg 70w\" sizes=\"auto, (max-width: 400px) 100vw, 400px\" \/><\/p>\n<p>Nesta sexta-feira (21), o Boletim Epidemiol\u00f3gico apresentado pela Secretaria Municipal de Sa\u00fade, registrou mais <strong>200 novos<\/strong> <strong>casos positivos nas \u00faltimas 24 horas de coronavirus<\/strong>, perfazendo um total de <strong>18.645 <\/strong>infectados com a doen\u00e7a no Munic\u00edpio de Jequi\u00e9. Os \u00edndices continuam crescendo, mas a circula\u00e7\u00e3o de pessoas nas ruas da cidade vem crescendo a cada dia, desafiando as regras determinadas pelo Minist\u00e9rio da sa\u00fade.<\/p>\n","protected":false},"excerpt":{"rendered":"<p>Nesta sexta-feira (21), o Boletim Epidemiol\u00f3gico apresentado pela Secretaria Municipal de Sa\u00fade, registrou mais 200 novos casos positivos nas \u00faltimas 24 horas de coronavirus, perfazendo um total de 18.645 infectados com a doen\u00e7a no Munic\u00edpio de Jequi\u00e9. Os \u00edndices continuam crescendo, mas a circula\u00e7\u00e3o de pessoas nas ruas da cidade vem crescendo a cada dia, [&hellip;]<\/p>\n","protected":false},"author":1,"featured_media":0,"comment_status":"open","ping_status":"open","sticky":false,"template":"","format":"standard","meta":{"footnotes":""},"categories":[10],"tags":[],"class_list":["post-28942","post","type-post","status-publish","format-standard","hentry","category-jequie"],"_links":{"self":[{"href":"https:\/\/www.lulelisnoticias.com.br\/blog\/wp-json\/wp\/v2\/posts\/28942","targetHints":{"allow":["GET"]}}],"collection":[{"href":"https:\/\/www.lulelisnoticias.com.br\/blog\/wp-json\/wp\/v2\/posts"}],"about":[{"href":"https:\/\/www.lulelisnoticias.com.br\/blog\/wp-json\/wp\/v2\/types\/post"}],"author":[{"embeddable":true,"href":"https:\/\/www.lulelisnoticias.com.br\/blog\/wp-json\/wp\/v2\/users\/1"}],"replies":[{"embeddable":true,"href":"https:\/\/www.lulelisnoticias.com.br\/blog\/wp-json\/wp\/v2\/comments?post=28942"}],"version-history":[{"count":1,"href":"https:\/\/www.lulelisnoticias.com.br\/blog\/wp-json\/wp\/v2\/posts\/28942\/revisions"}],"predecessor-version":[{"id":28944,"href":"https:\/\/www.lulelisnoticias.com.br\/blog\/wp-json\/wp\/v2\/posts\/28942\/revisions\/28944"}],"wp:attachment":[{"href":"https:\/\/www.lulelisnoticias.com.br\/blog\/wp-json\/wp\/v2\/media?parent=28942"}],"wp:term":[{"taxonomy":"category","embeddable":true,"href":"https:\/\/www.lulelisnoticias.com.br\/blog\/wp-json\/wp\/v2\/categories?post=28942"},{"taxonomy":"post_tag","embeddable":true,"href":"https:\/\/www.lulelisnoticias.com.br\/blog\/wp-json\/wp\/v2\/tags?post=28942"}],"curies":[{"name":"wp","href":"https:\/\/api.w.org\/{rel}","templated":true}]}}