{"id":28383,"date":"2021-12-08T10:47:42","date_gmt":"2021-12-08T13:47:42","guid":{"rendered":"http:\/\/www.lulelisnoticias.com.br\/blog\/?p=28383"},"modified":"2021-12-08T10:47:42","modified_gmt":"2021-12-08T13:47:42","slug":"governo-anuncia-que-cobrara-quarentena-de-5-dias-de-viajantes-nao-vacinados","status":"publish","type":"post","link":"https:\/\/www.lulelisnoticias.com.br\/blog\/governo-anuncia-que-cobrara-quarentena-de-5-dias-de-viajantes-nao-vacinados\/","title":{"rendered":"Governo anuncia que cobrar\u00e1 quarentena de 5 dias de viajantes n\u00e3o vacinados"},"content":{"rendered":"<p><img loading=\"lazy\" decoding=\"async\" class=\"size-full wp-image-28384 aligncenter\" src=\"https:\/\/www.lulelisnoticias.com.br\/blog\/wp-content\/uploads\/2021\/12\/ministro-da-sa\u00fade-queiroga.jpg\" alt=\"\" width=\"670\" height=\"400\" \/>O governo federal decidiu exigir uma quarentena de cinco dias de viajantes n\u00e3o vacinados que entrarem no Brasil. Pela nova regra, quem apresentar o certificado de imuniza\u00e7\u00e3o pode cruzar a fronteira apenas com o resultado negativo do teste para a Covid. O an\u00fancio foi feito pelos ministros Ciro Nogueira (Casa Civil), Marcelo Queiroga (Sa\u00fade) e Bruno Bianco (Advocacia-Geral da Uni\u00e3o) e contraria o discurso negacionista de Bolsonaro.<\/p>\n<p>Hora antes, em evento no Pal\u00e1cio do Planalto, o presidente comparou o passaporte da vacina a uma coleira.&#8221;Essa coleira que querem coloca no povo brasileiro. Cad\u00ea a nossa liberdade? Prefiro morrer do que perder a minha liberdade&#8221;, disse Bolsonaro.<\/p>\n<p>De acordo com o Minist\u00e9rio da Sa\u00fade, os viajantes n\u00e3o vacinados devem realizar um teste para a Covid-19 no quinto dia de isolamento. Se o resultado for negativo, podem circular no Brasil. Conforme divulgou o jornal Folha de S\u00e3o Paulo, o governo tamb\u00e9m decidiu reabrir as fronteiras terrestres a quem estiver vacinado. N\u00e3o ficou claro se as regras ser\u00e3o iguais para quem entra por terra ou voos. Os ministros n\u00e3o quiseram responder as perguntas da imprensa.<\/p>\n<p>Ainda de acordo com Folha, a ANVISA sugeriu, em 12 de novembro, a cobran\u00e7a da vacina\u00e7\u00e3o ou a imposi\u00e7\u00e3o de quarentena de quem entra no Brasil. A press\u00e3o pelo controle mais r\u00edgido das fronteiras aumentou com a descoberta da variante \u00f4micron. &#8220;Nesse contexto que estamos espreitados pela variante \u00f4micron, que n\u00e3o sabemos ainda o total potencial, (vamos) requerer que indiv\u00edduos n\u00e3o vacinados cumpram quarentena de cinco dias. E ap\u00f3s essa quarentena realizariam teste, sendo negativo, poderiam normalmente, no caso de estrangeiros, aproveitar todas as belezas desse nosso grande Brasil&#8221;, disse Queiroga.<\/p>\n<p>&nbsp;<\/p>\n","protected":false},"excerpt":{"rendered":"<p>O governo federal decidiu exigir uma quarentena de cinco dias de viajantes n\u00e3o vacinados que entrarem no Brasil. Pela nova regra, quem apresentar o certificado de imuniza\u00e7\u00e3o pode cruzar a fronteira apenas com o resultado negativo do teste para a Covid. O an\u00fancio foi feito pelos ministros Ciro Nogueira (Casa Civil), Marcelo Queiroga (Sa\u00fade) e [&hellip;]<\/p>\n","protected":false},"author":1,"featured_media":0,"comment_status":"open","ping_status":"open","sticky":false,"template":"","format":"standard","meta":{"footnotes":""},"categories":[13],"tags":[],"class_list":["post-28383","post","type-post","status-publish","format-standard","hentry","category-brasil"],"_links":{"self":[{"href":"https:\/\/www.lulelisnoticias.com.br\/blog\/wp-json\/wp\/v2\/posts\/28383","targetHints":{"allow":["GET"]}}],"collection":[{"href":"https:\/\/www.lulelisnoticias.com.br\/blog\/wp-json\/wp\/v2\/posts"}],"about":[{"href":"https:\/\/www.lulelisnoticias.com.br\/blog\/wp-json\/wp\/v2\/types\/post"}],"author":[{"embeddable":true,"href":"https:\/\/www.lulelisnoticias.com.br\/blog\/wp-json\/wp\/v2\/users\/1"}],"replies":[{"embeddable":true,"href":"https:\/\/www.lulelisnoticias.com.br\/blog\/wp-json\/wp\/v2\/comments?post=28383"}],"version-history":[{"count":1,"href":"https:\/\/www.lulelisnoticias.com.br\/blog\/wp-json\/wp\/v2\/posts\/28383\/revisions"}],"predecessor-version":[{"id":28385,"href":"https:\/\/www.lulelisnoticias.com.br\/blog\/wp-json\/wp\/v2\/posts\/28383\/revisions\/28385"}],"wp:attachment":[{"href":"https:\/\/www.lulelisnoticias.com.br\/blog\/wp-json\/wp\/v2\/media?parent=28383"}],"wp:term":[{"taxonomy":"category","embeddable":true,"href":"https:\/\/www.lulelisnoticias.com.br\/blog\/wp-json\/wp\/v2\/categories?post=28383"},{"taxonomy":"post_tag","embeddable":true,"href":"https:\/\/www.lulelisnoticias.com.br\/blog\/wp-json\/wp\/v2\/tags?post=28383"}],"curies":[{"name":"wp","href":"https:\/\/api.w.org\/{rel}","templated":true}]}}