{"id":26405,"date":"2021-07-15T09:41:59","date_gmt":"2021-07-15T12:41:59","guid":{"rendered":"http:\/\/www.lulelisnoticias.com.br\/blog\/?p=26405"},"modified":"2021-07-15T09:41:59","modified_gmt":"2021-07-15T12:41:59","slug":"bolsonaro-vai-permanecer-internado-para-tratamento-clinico-indica-boletim-medico","status":"publish","type":"post","link":"https:\/\/www.lulelisnoticias.com.br\/blog\/bolsonaro-vai-permanecer-internado-para-tratamento-clinico-indica-boletim-medico\/","title":{"rendered":"Bolsonaro vai permanecer internado para tratamento cl\u00ednico, indica boletim m\u00e9dico"},"content":{"rendered":"<p><img loading=\"lazy\" decoding=\"async\" class=\"aligncenter size-full wp-image-26406\" src=\"https:\/\/www.lulelisnoticias.com.br\/blog\/wp-content\/uploads\/2021\/07\/Bolsonaro-imetro-cortado.jpg\" alt=\"\" width=\"540\" height=\"350\" \/>O presidente Jair Bolsonaro permanece internado para receber um tratamento cl\u00ednico conservador.\u00a0O hospital divulgou uma nota &#8211; n\u00e3o \u00e9 ainda um boletim m\u00e9dico detalhado: &#8220;O senhor presidente da Rep\u00fablica, Jair Bolsonaro, foi transferido na noite desta quarta-feira para o Hospital Vila Nova Star, em S\u00e3o Paulo, ap\u00f3s passar por uma avalia\u00e7\u00e3o no Hospital das For\u00e7as Armadas, em Bras\u00edlia, e ser diagnosticado com um quadro de suboclus\u00e3o intestinal. Ap\u00f3s avalia\u00e7\u00f5es cl\u00ednica, laboratoriais e de imagem realizadas, o presidente permanecer\u00e1 internado inicialmente em tratamento cl\u00ednico conservador&#8221;, diz o texto assinado pelo m\u00e9dico Antonio Macedo e outros m\u00e9dicos da equipe<\/p>\n","protected":false},"excerpt":{"rendered":"<p>O presidente Jair Bolsonaro permanece internado para receber um tratamento cl\u00ednico conservador.\u00a0O hospital divulgou uma nota &#8211; n\u00e3o \u00e9 ainda um boletim m\u00e9dico detalhado: &#8220;O senhor presidente da Rep\u00fablica, Jair Bolsonaro, foi transferido na noite desta quarta-feira para o Hospital Vila Nova Star, em S\u00e3o Paulo, ap\u00f3s passar por uma avalia\u00e7\u00e3o no Hospital das For\u00e7as [&hellip;]<\/p>\n","protected":false},"author":1,"featured_media":0,"comment_status":"open","ping_status":"open","sticky":false,"template":"","format":"standard","meta":{"footnotes":""},"categories":[13],"tags":[],"class_list":["post-26405","post","type-post","status-publish","format-standard","hentry","category-brasil"],"_links":{"self":[{"href":"https:\/\/www.lulelisnoticias.com.br\/blog\/wp-json\/wp\/v2\/posts\/26405","targetHints":{"allow":["GET"]}}],"collection":[{"href":"https:\/\/www.lulelisnoticias.com.br\/blog\/wp-json\/wp\/v2\/posts"}],"about":[{"href":"https:\/\/www.lulelisnoticias.com.br\/blog\/wp-json\/wp\/v2\/types\/post"}],"author":[{"embeddable":true,"href":"https:\/\/www.lulelisnoticias.com.br\/blog\/wp-json\/wp\/v2\/users\/1"}],"replies":[{"embeddable":true,"href":"https:\/\/www.lulelisnoticias.com.br\/blog\/wp-json\/wp\/v2\/comments?post=26405"}],"version-history":[{"count":1,"href":"https:\/\/www.lulelisnoticias.com.br\/blog\/wp-json\/wp\/v2\/posts\/26405\/revisions"}],"predecessor-version":[{"id":26407,"href":"https:\/\/www.lulelisnoticias.com.br\/blog\/wp-json\/wp\/v2\/posts\/26405\/revisions\/26407"}],"wp:attachment":[{"href":"https:\/\/www.lulelisnoticias.com.br\/blog\/wp-json\/wp\/v2\/media?parent=26405"}],"wp:term":[{"taxonomy":"category","embeddable":true,"href":"https:\/\/www.lulelisnoticias.com.br\/blog\/wp-json\/wp\/v2\/categories?post=26405"},{"taxonomy":"post_tag","embeddable":true,"href":"https:\/\/www.lulelisnoticias.com.br\/blog\/wp-json\/wp\/v2\/tags?post=26405"}],"curies":[{"name":"wp","href":"https:\/\/api.w.org\/{rel}","templated":true}]}}