{"id":24215,"date":"2021-02-02T10:51:42","date_gmt":"2021-02-02T13:51:42","guid":{"rendered":"http:\/\/www.lulelisnoticias.com.br\/blog\/?p=24215"},"modified":"2021-02-02T10:51:42","modified_gmt":"2021-02-02T13:51:42","slug":"caminhoneiros-rodovias-tem-fluxo-livre-apos-bloqueio-na-ba-diz-governo","status":"publish","type":"post","link":"https:\/\/www.lulelisnoticias.com.br\/blog\/caminhoneiros-rodovias-tem-fluxo-livre-apos-bloqueio-na-ba-diz-governo\/","title":{"rendered":"Caminhoneiros: rodovias t\u00eam fluxo livre ap\u00f3s bloqueio na BA, diz governo"},"content":{"rendered":"<p><img loading=\"lazy\" decoding=\"async\" class=\"size-full wp-image-24217 aligncenter\" src=\"https:\/\/www.lulelisnoticias.com.br\/blog\/wp-content\/uploads\/2021\/02\/greve-caminhoneoros-atual.jpg\" alt=\"\" width=\"534\" height=\"400\" \/>O Minist\u00e9rio da Infraestrutura e a PRF (Pol\u00edcia Rodovi\u00e1ria Federal) informaram que, na noite de segunda-feira (01), caminhoneiros tentaram fazer um novo bloqueio na BR-324\/BA, pr\u00f3ximo a Feira de Santana (BA). Por\u00e9m, a a\u00e7\u00e3o durou cerca de 20 minutos, sendo desmobilizada na sequ\u00eancia. No momento, segundo o PRF, todas as rodovias federais, concedidas ou sob gest\u00e3o do DNIT (Departamento Nacional de Infraestrutura de Transportes), encontram-se com o livre fluxo de ve\u00edculos, n\u00e3o havendo nenhum ponto de reten\u00e7\u00e3o total ou parcial. Anunciado por algumas entidades ligadas \u00e0 categoria, o ato serviria para reclamar do governo federal da alta do pre\u00e7o do diesel, principal combust\u00edvel usado pelos condutores. Eles tamb\u00e9m s\u00e3o contra a pol\u00edtica de pre\u00e7os da Petrobras, baseada em valores internacionais, e os pre\u00e7os de fretes vigentes.<\/p>\n<p>&nbsp;<\/p>\n","protected":false},"excerpt":{"rendered":"<p>O Minist\u00e9rio da Infraestrutura e a PRF (Pol\u00edcia Rodovi\u00e1ria Federal) informaram que, na noite de segunda-feira (01), caminhoneiros tentaram fazer um novo bloqueio na BR-324\/BA, pr\u00f3ximo a Feira de Santana (BA). Por\u00e9m, a a\u00e7\u00e3o durou cerca de 20 minutos, sendo desmobilizada na sequ\u00eancia. No momento, segundo o PRF, todas as rodovias federais, concedidas ou sob [&hellip;]<\/p>\n","protected":false},"author":1,"featured_media":0,"comment_status":"open","ping_status":"open","sticky":false,"template":"","format":"standard","meta":{"footnotes":""},"categories":[13],"tags":[],"class_list":["post-24215","post","type-post","status-publish","format-standard","hentry","category-brasil"],"_links":{"self":[{"href":"https:\/\/www.lulelisnoticias.com.br\/blog\/wp-json\/wp\/v2\/posts\/24215","targetHints":{"allow":["GET"]}}],"collection":[{"href":"https:\/\/www.lulelisnoticias.com.br\/blog\/wp-json\/wp\/v2\/posts"}],"about":[{"href":"https:\/\/www.lulelisnoticias.com.br\/blog\/wp-json\/wp\/v2\/types\/post"}],"author":[{"embeddable":true,"href":"https:\/\/www.lulelisnoticias.com.br\/blog\/wp-json\/wp\/v2\/users\/1"}],"replies":[{"embeddable":true,"href":"https:\/\/www.lulelisnoticias.com.br\/blog\/wp-json\/wp\/v2\/comments?post=24215"}],"version-history":[{"count":1,"href":"https:\/\/www.lulelisnoticias.com.br\/blog\/wp-json\/wp\/v2\/posts\/24215\/revisions"}],"predecessor-version":[{"id":24218,"href":"https:\/\/www.lulelisnoticias.com.br\/blog\/wp-json\/wp\/v2\/posts\/24215\/revisions\/24218"}],"wp:attachment":[{"href":"https:\/\/www.lulelisnoticias.com.br\/blog\/wp-json\/wp\/v2\/media?parent=24215"}],"wp:term":[{"taxonomy":"category","embeddable":true,"href":"https:\/\/www.lulelisnoticias.com.br\/blog\/wp-json\/wp\/v2\/categories?post=24215"},{"taxonomy":"post_tag","embeddable":true,"href":"https:\/\/www.lulelisnoticias.com.br\/blog\/wp-json\/wp\/v2\/tags?post=24215"}],"curies":[{"name":"wp","href":"https:\/\/api.w.org\/{rel}","templated":true}]}}