{"id":22619,"date":"2020-09-23T12:32:09","date_gmt":"2020-09-23T15:32:09","guid":{"rendered":"http:\/\/www.lulelisnoticias.com.br\/blog\/?p=22619"},"modified":"2020-09-23T12:32:09","modified_gmt":"2020-09-23T15:32:09","slug":"a-ministra-do-supremo-tribunal-federal-carmen-lucia-esta-com-covid-19","status":"publish","type":"post","link":"https:\/\/www.lulelisnoticias.com.br\/blog\/a-ministra-do-supremo-tribunal-federal-carmen-lucia-esta-com-covid-19\/","title":{"rendered":"A ministra do Supremo Tribunal Federal C\u00e1rmen L\u00facia est\u00e1 com Covid-19"},"content":{"rendered":"<p><img loading=\"lazy\" decoding=\"async\" class=\"size-full wp-image-22620 aligncenter\" src=\"https:\/\/www.lulelisnoticias.com.br\/blog\/wp-content\/uploads\/2020\/09\/Carmem-L\u00faciacortada.jpg\" alt=\"\" width=\"543\" height=\"400\" \/>A ministra do Supremo Tribunal Federal (STF), C\u00e1rmen L\u00facia, foi infectada com o novo coronav\u00edrus. Com isso, ela se tornou a nona autoridade a testar positivo para Covid-19 ap\u00f3s participar da cerim\u00f4nia de posse do ministro Luiz Fux como presidente da Corte, no \u00faltimo dia 10.Segundo a revista \u00c9poca Ela est\u00e1 cumprindo o isolamento social em sua casa, em Minas Gerais, tem tido febre, mas n\u00e3o apresenta sintomas graves.<\/p>\n","protected":false},"excerpt":{"rendered":"<p>A ministra do Supremo Tribunal Federal (STF), C\u00e1rmen L\u00facia, foi infectada com o novo coronav\u00edrus. Com isso, ela se tornou a nona autoridade a testar positivo para Covid-19 ap\u00f3s participar da cerim\u00f4nia de posse do ministro Luiz Fux como presidente da Corte, no \u00faltimo dia 10.Segundo a revista \u00c9poca Ela est\u00e1 cumprindo o isolamento social [&hellip;]<\/p>\n","protected":false},"author":1,"featured_media":0,"comment_status":"open","ping_status":"open","sticky":false,"template":"","format":"standard","meta":{"footnotes":""},"categories":[13],"tags":[],"class_list":["post-22619","post","type-post","status-publish","format-standard","hentry","category-brasil"],"_links":{"self":[{"href":"https:\/\/www.lulelisnoticias.com.br\/blog\/wp-json\/wp\/v2\/posts\/22619","targetHints":{"allow":["GET"]}}],"collection":[{"href":"https:\/\/www.lulelisnoticias.com.br\/blog\/wp-json\/wp\/v2\/posts"}],"about":[{"href":"https:\/\/www.lulelisnoticias.com.br\/blog\/wp-json\/wp\/v2\/types\/post"}],"author":[{"embeddable":true,"href":"https:\/\/www.lulelisnoticias.com.br\/blog\/wp-json\/wp\/v2\/users\/1"}],"replies":[{"embeddable":true,"href":"https:\/\/www.lulelisnoticias.com.br\/blog\/wp-json\/wp\/v2\/comments?post=22619"}],"version-history":[{"count":1,"href":"https:\/\/www.lulelisnoticias.com.br\/blog\/wp-json\/wp\/v2\/posts\/22619\/revisions"}],"predecessor-version":[{"id":22621,"href":"https:\/\/www.lulelisnoticias.com.br\/blog\/wp-json\/wp\/v2\/posts\/22619\/revisions\/22621"}],"wp:attachment":[{"href":"https:\/\/www.lulelisnoticias.com.br\/blog\/wp-json\/wp\/v2\/media?parent=22619"}],"wp:term":[{"taxonomy":"category","embeddable":true,"href":"https:\/\/www.lulelisnoticias.com.br\/blog\/wp-json\/wp\/v2\/categories?post=22619"},{"taxonomy":"post_tag","embeddable":true,"href":"https:\/\/www.lulelisnoticias.com.br\/blog\/wp-json\/wp\/v2\/tags?post=22619"}],"curies":[{"name":"wp","href":"https:\/\/api.w.org\/{rel}","templated":true}]}}