{"id":18380,"date":"2019-08-26T20:53:21","date_gmt":"2019-08-26T23:53:21","guid":{"rendered":"http:\/\/www.lulelisnoticias.com.br\/blog\/?p=18380"},"modified":"2019-08-26T20:53:21","modified_gmt":"2019-08-26T23:53:21","slug":"seguro-facultativo-garante-beneficios-do-inss-a-quem-nao-tem-emprego","status":"publish","type":"post","link":"https:\/\/www.lulelisnoticias.com.br\/blog\/seguro-facultativo-garante-beneficios-do-inss-a-quem-nao-tem-emprego\/","title":{"rendered":"Seguro facultativo garante benef\u00edcios do INSS a quem n\u00e3o tem emprego"},"content":{"rendered":"<p><a href=\"https:\/\/www.lulelisnoticias.com.br\/blog\/wp-content\/uploads\/2019\/08\/INSS-Seguro-cortado.jpg\"><img loading=\"lazy\" decoding=\"async\" class=\"aligncenter size-full wp-image-18381\" src=\"https:\/\/www.lulelisnoticias.com.br\/blog\/wp-content\/uploads\/2019\/08\/INSS-Seguro-cortado.jpg\" alt=\"\" width=\"533\" height=\"400\" \/><\/a>Cidad\u00e3os que n\u00e3o exercem atividade remunerada, como donas de casa, estudantes e desempregados, podem contribuir para a Previd\u00eancia Social e, assim, garantir benef\u00edcios como aux\u00edlio-doen\u00e7a, aposentadoria, sal\u00e1rio-maternidade e pens\u00e3o para os dependentes. Este \u00e9 o segurado facultativo, uma categoria de contribuinte v\u00e1lida para pessoas com mais de 16 anos. O Instituto Nacional do Seguro Social (INSS) tamb\u00e9m oferece a op\u00e7\u00e3o de recolhimento para contribuintes individuais (aut\u00f4nomos &#8211; t\u00eam fonte de renda) e microempreendedores individuais, al\u00e9m da obrigatoriedade de contribui\u00e7\u00e3o para aqueles que t\u00eam carteira assinada. Segundo a Secretaria da Previd\u00eancia do Minist\u00e9rio da Economia, o \u00faltimo dado dispon\u00edvel sobre segurados facultativos \u00e9 de 2017. Naquele ano, eles eram 1,210 milh\u00e3o de contribuintes, 2,36% do total de segurados do INSS.<\/p>\n","protected":false},"excerpt":{"rendered":"<p>Cidad\u00e3os que n\u00e3o exercem atividade remunerada, como donas de casa, estudantes e desempregados, podem contribuir para a Previd\u00eancia Social e, assim, garantir benef\u00edcios como aux\u00edlio-doen\u00e7a, aposentadoria, sal\u00e1rio-maternidade e pens\u00e3o para os dependentes. Este \u00e9 o segurado facultativo, uma categoria de contribuinte v\u00e1lida para pessoas com mais de 16 anos. O Instituto Nacional do Seguro Social [&hellip;]<\/p>\n","protected":false},"author":1,"featured_media":0,"comment_status":"open","ping_status":"open","sticky":false,"template":"","format":"standard","meta":{"footnotes":""},"categories":[13],"tags":[],"class_list":["post-18380","post","type-post","status-publish","format-standard","hentry","category-brasil"],"_links":{"self":[{"href":"https:\/\/www.lulelisnoticias.com.br\/blog\/wp-json\/wp\/v2\/posts\/18380","targetHints":{"allow":["GET"]}}],"collection":[{"href":"https:\/\/www.lulelisnoticias.com.br\/blog\/wp-json\/wp\/v2\/posts"}],"about":[{"href":"https:\/\/www.lulelisnoticias.com.br\/blog\/wp-json\/wp\/v2\/types\/post"}],"author":[{"embeddable":true,"href":"https:\/\/www.lulelisnoticias.com.br\/blog\/wp-json\/wp\/v2\/users\/1"}],"replies":[{"embeddable":true,"href":"https:\/\/www.lulelisnoticias.com.br\/blog\/wp-json\/wp\/v2\/comments?post=18380"}],"version-history":[{"count":1,"href":"https:\/\/www.lulelisnoticias.com.br\/blog\/wp-json\/wp\/v2\/posts\/18380\/revisions"}],"predecessor-version":[{"id":18382,"href":"https:\/\/www.lulelisnoticias.com.br\/blog\/wp-json\/wp\/v2\/posts\/18380\/revisions\/18382"}],"wp:attachment":[{"href":"https:\/\/www.lulelisnoticias.com.br\/blog\/wp-json\/wp\/v2\/media?parent=18380"}],"wp:term":[{"taxonomy":"category","embeddable":true,"href":"https:\/\/www.lulelisnoticias.com.br\/blog\/wp-json\/wp\/v2\/categories?post=18380"},{"taxonomy":"post_tag","embeddable":true,"href":"https:\/\/www.lulelisnoticias.com.br\/blog\/wp-json\/wp\/v2\/tags?post=18380"}],"curies":[{"name":"wp","href":"https:\/\/api.w.org\/{rel}","templated":true}]}}