{"id":13812,"date":"2017-11-18T17:25:08","date_gmt":"2017-11-18T20:25:08","guid":{"rendered":"http:\/\/www.lulelisnoticias.com.br\/blog\/?p=13812"},"modified":"2017-11-18T17:25:08","modified_gmt":"2017-11-18T20:25:08","slug":"rui-entrega-155-km-recuperados-em-lafaiete-coutinho","status":"publish","type":"post","link":"https:\/\/www.lulelisnoticias.com.br\/blog\/rui-entrega-155-km-recuperados-em-lafaiete-coutinho\/","title":{"rendered":"Rui entrega 15,5 km recuperados em Lafaiete Coutinho"},"content":{"rendered":"<div id=\"attachment_13813\" style=\"width: 460px\" class=\"wp-caption aligncenter\"><a href=\"https:\/\/www.lulelisnoticias.com.br\/blog\/wp-content\/uploads\/2017\/11\/Rui-Costa-Foto_Mateus-Pereira_GOVBA-cortado.jpg\"><img loading=\"lazy\" decoding=\"async\" aria-describedby=\"caption-attachment-13813\" class=\"size-full wp-image-13813\" src=\"https:\/\/www.lulelisnoticias.com.br\/blog\/wp-content\/uploads\/2017\/11\/Rui-Costa-Foto_Mateus-Pereira_GOVBA-cortado.jpg\" alt=\"\" width=\"450\" height=\"300\" \/><\/a><p id=\"caption-attachment-13813\" class=\"wp-caption-text\">Na agenda oficial do governador Rui Costa confirmada presen\u00e7a em Lafaiete Coutinho<\/p><\/div>\n<p>Nesta segunda-feira (20), 9h, o governador Rui Costa viaja para o munic\u00edpio de Lafaiete Coutinho, onde inaugura 15,5 km de rodovia da BA-555, no trecho entre a BR-116 e a sede municipal. Foram. Na sexta-feira (17), o governador inaugurou a primeira policl\u00ednica regional de sa\u00fade, na cidade de Teixeira de Freitas, no extremo-sul da Bahia, a primeira de um total de quatro que estar\u00e3o sendo inauguradas ainda este ano. Ainda em novembro ser\u00e1 inaugurada a de Guanambi,e no pr\u00f3ximo m\u00eas de dezembro, inaugura a de Irec\u00ea e <strong>Jequi\u00e9<\/strong><\/p>\n","protected":false},"excerpt":{"rendered":"<p>Nesta segunda-feira (20), 9h, o governador Rui Costa viaja para o munic\u00edpio de Lafaiete Coutinho, onde inaugura 15,5 km de rodovia da BA-555, no trecho entre a BR-116 e a sede municipal. Foram. Na sexta-feira (17), o governador inaugurou a primeira policl\u00ednica regional de sa\u00fade, na cidade de Teixeira de Freitas, no extremo-sul da Bahia, [&hellip;]<\/p>\n","protected":false},"author":1,"featured_media":0,"comment_status":"open","ping_status":"open","sticky":false,"template":"","format":"standard","meta":{"footnotes":""},"categories":[11],"tags":[],"class_list":["post-13812","post","type-post","status-publish","format-standard","hentry","category-bahia"],"_links":{"self":[{"href":"https:\/\/www.lulelisnoticias.com.br\/blog\/wp-json\/wp\/v2\/posts\/13812","targetHints":{"allow":["GET"]}}],"collection":[{"href":"https:\/\/www.lulelisnoticias.com.br\/blog\/wp-json\/wp\/v2\/posts"}],"about":[{"href":"https:\/\/www.lulelisnoticias.com.br\/blog\/wp-json\/wp\/v2\/types\/post"}],"author":[{"embeddable":true,"href":"https:\/\/www.lulelisnoticias.com.br\/blog\/wp-json\/wp\/v2\/users\/1"}],"replies":[{"embeddable":true,"href":"https:\/\/www.lulelisnoticias.com.br\/blog\/wp-json\/wp\/v2\/comments?post=13812"}],"version-history":[{"count":1,"href":"https:\/\/www.lulelisnoticias.com.br\/blog\/wp-json\/wp\/v2\/posts\/13812\/revisions"}],"predecessor-version":[{"id":13814,"href":"https:\/\/www.lulelisnoticias.com.br\/blog\/wp-json\/wp\/v2\/posts\/13812\/revisions\/13814"}],"wp:attachment":[{"href":"https:\/\/www.lulelisnoticias.com.br\/blog\/wp-json\/wp\/v2\/media?parent=13812"}],"wp:term":[{"taxonomy":"category","embeddable":true,"href":"https:\/\/www.lulelisnoticias.com.br\/blog\/wp-json\/wp\/v2\/categories?post=13812"},{"taxonomy":"post_tag","embeddable":true,"href":"https:\/\/www.lulelisnoticias.com.br\/blog\/wp-json\/wp\/v2\/tags?post=13812"}],"curies":[{"name":"wp","href":"https:\/\/api.w.org\/{rel}","templated":true}]}}