{"id":12371,"date":"2017-04-25T10:18:38","date_gmt":"2017-04-25T13:18:38","guid":{"rendered":"http:\/\/www.lulelisnoticias.com.br\/blog\/?p=12371"},"modified":"2017-04-25T10:18:38","modified_gmt":"2017-04-25T13:18:38","slug":"tite-apoia-projeto-do-deputado-jose-rocha-sobre-treinadores-de-futebol","status":"publish","type":"post","link":"https:\/\/www.lulelisnoticias.com.br\/blog\/tite-apoia-projeto-do-deputado-jose-rocha-sobre-treinadores-de-futebol\/","title":{"rendered":"Tite apoia projeto do deputado Jos\u00e9 Rocha sobre treinadores de futebol"},"content":{"rendered":"<div id=\"attachment_12372\" style=\"width: 489px\" class=\"wp-caption aligncenter\"><a href=\"https:\/\/www.lulelisnoticias.com.br\/blog\/wp-content\/uploads\/2017\/04\/Voz-Brasil-cortado.jpg\"><img loading=\"lazy\" decoding=\"async\" aria-describedby=\"caption-attachment-12372\" class=\"size-full wp-image-12372\" alt=\"Deputado Jos\u00e9 Rocha debate projeto dos treinadores em Comiss\u00e3o da C\u00e2mara(Foto Secom\/C\u00e2mara dos Deputados)\" src=\"https:\/\/www.lulelisnoticias.com.br\/blog\/wp-content\/uploads\/2017\/04\/Voz-Brasil-cortado.jpg\" width=\"479\" height=\"300\" \/><\/a><p id=\"caption-attachment-12372\" class=\"wp-caption-text\">Deputado Jos\u00e9 Rocha debate projeto dos treinadores em Comiss\u00e3o da C\u00e2mara(Foto Secom\/C\u00e2mara dos Deputados)<\/p><\/div>\n<p>O t\u00e9cnico da Sele\u00e7\u00e3o Brasileira de Futebol, Tite manifestou apoio ao projeto de lei de autoria do deputado Jos\u00e9 Rocha (PR), PL 7560\/2014, que moderniza e regulamenta a legisla\u00e7\u00e3o sobre a profiss\u00e3o de treinador de futebol. O projeto do deputado, j\u00e1 batizado de Lei Cai J\u00fanior em homenagem ao t\u00e9cnico da Chapecoense v\u00edtima do acidente na Col\u00f4mbia em novembro de 2016, estabelece novos crit\u00e9rios para o exerc\u00edcio da profiss\u00e3o de treinador de futebol e auxiliar t\u00e9cnico preparador de goleiros. Ex-atletas que comprovarem o exerc\u00edcio da profiss\u00e3o por tr\u00eas anos consecutivos ou cinco alternados poder\u00e3o exercer a profiss\u00e3o mediante aprova\u00e7\u00e3o em curso de forma\u00e7\u00e3o de treinadores. O projeto tamb\u00e9m assegura que os profissionais ter\u00e3o direito a contrato m\u00ednimo de seis meses e m\u00e1ximo de dois anos, f\u00e9rias remuneradas e seguro de vida, al\u00e9m da recusa ao trabalho caso o atraso salarial supere tr\u00eas meses. Jos\u00e9 Rocha afirma que o apoio de Tite \u00e9 muito importante para a aprova\u00e7\u00e3o do projeto que tramita na C\u00e2mara dos Deputados e j\u00e1 foi aprovado em duas comiss\u00f5es da Casa.<\/p>\n<p>&nbsp;<\/p>\n","protected":false},"excerpt":{"rendered":"<p>O t\u00e9cnico da Sele\u00e7\u00e3o Brasileira de Futebol, Tite manifestou apoio ao projeto de lei de autoria do deputado Jos\u00e9 Rocha (PR), PL 7560\/2014, que moderniza e regulamenta a legisla\u00e7\u00e3o sobre a profiss\u00e3o de treinador de futebol. O projeto do deputado, j\u00e1 batizado de Lei Cai J\u00fanior em homenagem ao t\u00e9cnico da Chapecoense v\u00edtima do acidente [&hellip;]<\/p>\n","protected":false},"author":1,"featured_media":0,"comment_status":"open","ping_status":"open","sticky":false,"template":"","format":"standard","meta":{"footnotes":""},"categories":[13],"tags":[],"class_list":["post-12371","post","type-post","status-publish","format-standard","hentry","category-brasil"],"_links":{"self":[{"href":"https:\/\/www.lulelisnoticias.com.br\/blog\/wp-json\/wp\/v2\/posts\/12371","targetHints":{"allow":["GET"]}}],"collection":[{"href":"https:\/\/www.lulelisnoticias.com.br\/blog\/wp-json\/wp\/v2\/posts"}],"about":[{"href":"https:\/\/www.lulelisnoticias.com.br\/blog\/wp-json\/wp\/v2\/types\/post"}],"author":[{"embeddable":true,"href":"https:\/\/www.lulelisnoticias.com.br\/blog\/wp-json\/wp\/v2\/users\/1"}],"replies":[{"embeddable":true,"href":"https:\/\/www.lulelisnoticias.com.br\/blog\/wp-json\/wp\/v2\/comments?post=12371"}],"version-history":[{"count":1,"href":"https:\/\/www.lulelisnoticias.com.br\/blog\/wp-json\/wp\/v2\/posts\/12371\/revisions"}],"predecessor-version":[{"id":12373,"href":"https:\/\/www.lulelisnoticias.com.br\/blog\/wp-json\/wp\/v2\/posts\/12371\/revisions\/12373"}],"wp:attachment":[{"href":"https:\/\/www.lulelisnoticias.com.br\/blog\/wp-json\/wp\/v2\/media?parent=12371"}],"wp:term":[{"taxonomy":"category","embeddable":true,"href":"https:\/\/www.lulelisnoticias.com.br\/blog\/wp-json\/wp\/v2\/categories?post=12371"},{"taxonomy":"post_tag","embeddable":true,"href":"https:\/\/www.lulelisnoticias.com.br\/blog\/wp-json\/wp\/v2\/tags?post=12371"}],"curies":[{"name":"wp","href":"https:\/\/api.w.org\/{rel}","templated":true}]}}